{"id":3558,"date":"2023-10-10T15:17:07","date_gmt":"2023-10-10T13:17:07","guid":{"rendered":"https:\/\/viarnet.org\/?p=3558"},"modified":"2023-10-10T15:18:31","modified_gmt":"2023-10-10T13:18:31","slug":"supercopa-solidaria","status":"publish","type":"post","link":"https:\/\/viarnet.org\/index.php\/2023\/10\/10\/supercopa-solidaria\/","title":{"rendered":"SUPERCOPA SOLIDARIA"},"content":{"rendered":"\n<p>La mayor\u00eda de los socios ten\u00edan marcado el s\u00e1bado 30 de septiembre en su calendario: era el d\u00eda que se celebraba la Supercopa Solidaria Viar: un torneo de f\u00fatbol entre los socios y sus amigos, que sirve para difundir tambi\u00e9n los objetivos solidarios de Cooperaci\u00f3n Internacional ONG.<\/p>\n\n\n\n<figure class=\"wp-block-image size-large\"><img loading=\"lazy\" decoding=\"async\" width=\"1024\" height=\"683\" src=\"https:\/\/viarnet.org\/wp-content\/uploads\/2023\/10\/Supercopa-2-1024x683.jpg\" alt=\"\" class=\"wp-image-3560\" srcset=\"https:\/\/viarnet.org\/wp-content\/uploads\/2023\/10\/Supercopa-2-1024x683.jpg 1024w, https:\/\/viarnet.org\/wp-content\/uploads\/2023\/10\/Supercopa-2-300x200.jpg 300w, https:\/\/viarnet.org\/wp-content\/uploads\/2023\/10\/Supercopa-2-768x512.jpg 768w, https:\/\/viarnet.org\/wp-content\/uploads\/2023\/10\/Supercopa-2-1536x1024.jpg 1536w, https:\/\/viarnet.org\/wp-content\/uploads\/2023\/10\/Supercopa-2-2048x1365.jpg 2048w, https:\/\/viarnet.org\/wp-content\/uploads\/2023\/10\/Supercopa-2-272x182.jpg 272w\" sizes=\"auto, (max-width: 1024px) 100vw, 1024px\" \/><\/figure>\n\n\n\n<figure class=\"wp-block-image size-large\"><img loading=\"lazy\" decoding=\"async\" width=\"1024\" height=\"683\" src=\"https:\/\/viarnet.org\/wp-content\/uploads\/2023\/10\/Supercopa-8-1024x683.jpg\" alt=\"\" class=\"wp-image-3561\" srcset=\"https:\/\/viarnet.org\/wp-content\/uploads\/2023\/10\/Supercopa-8-1024x683.jpg 1024w, https:\/\/viarnet.org\/wp-content\/uploads\/2023\/10\/Supercopa-8-300x200.jpg 300w, https:\/\/viarnet.org\/wp-content\/uploads\/2023\/10\/Supercopa-8-768x512.jpg 768w, https:\/\/viarnet.org\/wp-content\/uploads\/2023\/10\/Supercopa-8-1536x1024.jpg 1536w, https:\/\/viarnet.org\/wp-content\/uploads\/2023\/10\/Supercopa-8-2048x1365.jpg 2048w, https:\/\/viarnet.org\/wp-content\/uploads\/2023\/10\/Supercopa-8-272x182.jpg 272w\" sizes=\"auto, (max-width: 1024px) 100vw, 1024px\" \/><\/figure>\n\n\n\n<p>Como pod\u00e9is comprobar en las fotos particip\u00f3 un buen grupo de socios desde los niveles 1 a 4, organizados en dos categor\u00edas. Y de los arbitrajes y la organizaci\u00f3n se encargaron los socios mayores.<\/p>\n\n\n\n<figure class=\"wp-block-image size-large\"><img loading=\"lazy\" decoding=\"async\" width=\"1024\" height=\"683\" src=\"https:\/\/viarnet.org\/wp-content\/uploads\/2023\/10\/Supercopa-12-1024x683.jpg\" alt=\"\" class=\"wp-image-3562\" srcset=\"https:\/\/viarnet.org\/wp-content\/uploads\/2023\/10\/Supercopa-12-1024x683.jpg 1024w, https:\/\/viarnet.org\/wp-content\/uploads\/2023\/10\/Supercopa-12-300x200.jpg 300w, https:\/\/viarnet.org\/wp-content\/uploads\/2023\/10\/Supercopa-12-768x512.jpg 768w, https:\/\/viarnet.org\/wp-content\/uploads\/2023\/10\/Supercopa-12-1536x1024.jpg 1536w, https:\/\/viarnet.org\/wp-content\/uploads\/2023\/10\/Supercopa-12-2048x1365.jpg 2048w, https:\/\/viarnet.org\/wp-content\/uploads\/2023\/10\/Supercopa-12-272x182.jpg 272w\" sizes=\"auto, (max-width: 1024px) 100vw, 1024px\" \/><\/figure>\n\n\n\n<figure class=\"wp-block-image size-large\"><img loading=\"lazy\" decoding=\"async\" width=\"1024\" height=\"683\" src=\"https:\/\/viarnet.org\/wp-content\/uploads\/2023\/10\/Supercopa-13-1024x683.jpg\" alt=\"\" class=\"wp-image-3563\" srcset=\"https:\/\/viarnet.org\/wp-content\/uploads\/2023\/10\/Supercopa-13-1024x683.jpg 1024w, https:\/\/viarnet.org\/wp-content\/uploads\/2023\/10\/Supercopa-13-300x200.jpg 300w, https:\/\/viarnet.org\/wp-content\/uploads\/2023\/10\/Supercopa-13-768x512.jpg 768w, https:\/\/viarnet.org\/wp-content\/uploads\/2023\/10\/Supercopa-13-1536x1024.jpg 1536w, https:\/\/viarnet.org\/wp-content\/uploads\/2023\/10\/Supercopa-13-2048x1365.jpg 2048w, https:\/\/viarnet.org\/wp-content\/uploads\/2023\/10\/Supercopa-13-272x182.jpg 272w\" sizes=\"auto, (max-width: 1024px) 100vw, 1024px\" \/><\/figure>\n\n\n\n<p>En fin, una fiesta deportiva con la que se completan los planes especiales de inicio de curso.<\/p>\n\n\n\n<figure class=\"wp-block-image size-large\"><img loading=\"lazy\" decoding=\"async\" width=\"1024\" height=\"683\" src=\"https:\/\/viarnet.org\/wp-content\/uploads\/2023\/10\/Supercopa-11-1024x683.jpg\" alt=\"\" class=\"wp-image-3565\" srcset=\"https:\/\/viarnet.org\/wp-content\/uploads\/2023\/10\/Supercopa-11-1024x683.jpg 1024w, https:\/\/viarnet.org\/wp-content\/uploads\/2023\/10\/Supercopa-11-300x200.jpg 300w, https:\/\/viarnet.org\/wp-content\/uploads\/2023\/10\/Supercopa-11-768x512.jpg 768w, https:\/\/viarnet.org\/wp-content\/uploads\/2023\/10\/Supercopa-11-1536x1024.jpg 1536w, https:\/\/viarnet.org\/wp-content\/uploads\/2023\/10\/Supercopa-11-2048x1365.jpg 2048w, https:\/\/viarnet.org\/wp-content\/uploads\/2023\/10\/Supercopa-11-272x182.jpg 272w\" sizes=\"auto, (max-width: 1024px) 100vw, 1024px\" \/><\/figure>\n\n\n\n<p><\/p>\n","protected":false},"excerpt":{"rendered":"<p>La mayor\u00eda de los socios ten\u00edan marcado el s\u00e1bado 30 de septiembre en su calendario: era el d\u00eda que se celebraba la Supercopa Solidaria Viar: un torneo de f\u00fatbol entre [&hellip;]<\/p>\n","protected":false},"author":1,"featured_media":3559,"comment_status":"closed","ping_status":"closed","sticky":false,"template":"","format":"standard","meta":{"ngg_post_thumbnail":0,"footnotes":""},"categories":[4,5,6,7],"tags":[],"class_list":{"0":"post-3558","1":"post","2":"type-post","3":"status-publish","4":"format-standard","5":"has-post-thumbnail","6":"hentry","7":"category-nv1","8":"category-nv2","9":"category-nv3","10":"category-nv4","12":"post-with-thumbnail","13":"post-with-thumbnail-large"},"yoast_head":"<!-- This site is optimized with the Yoast SEO plugin v27.3 - https:\/\/yoast.com\/product\/yoast-seo-wordpress\/ -->\n<title>SUPERCOPA SOLIDARIA | Club Familiar VIAR<\/title>\n<meta name=\"description\" content=\"La mayor\u00eda de los socios ten\u00edan marcado el s\u00e1bado 30 de septiembre en su calendario: era el d\u00eda que se celebraba la Supercopa Solidaria Viar: un torneo de\" \/>\n<meta name=\"robots\" content=\"index, follow, max-snippet:-1, max-image-preview:large, max-video-preview:-1\" \/>\n<link rel=\"canonical\" href=\"https:\/\/viarnet.org\/index.php\/2023\/10\/10\/supercopa-solidaria\/\" \/>\n<meta property=\"og:locale\" content=\"es_ES\" \/>\n<meta property=\"og:type\" content=\"article\" \/>\n<meta property=\"og:title\" content=\"SUPERCOPA SOLIDARIA | Club Familiar VIAR\" \/>\n<meta property=\"og:description\" content=\"La mayor\u00eda de los socios ten\u00edan marcado el s\u00e1bado 30 de septiembre en su calendario: era el d\u00eda que se celebraba la Supercopa Solidaria Viar: un torneo de\" \/>\n<meta property=\"og:url\" content=\"https:\/\/viarnet.org\/index.php\/2023\/10\/10\/supercopa-solidaria\/\" \/>\n<meta property=\"og:site_name\" content=\"VIAR\" \/>\n<meta property=\"article:published_time\" content=\"2023-10-10T13:17:07+00:00\" \/>\n<meta property=\"article:modified_time\" content=\"2023-10-10T13:18:31+00:00\" \/>\n<meta property=\"og:image\" content=\"https:\/\/viarnet.org\/wp-content\/uploads\/2023\/10\/Supercopa-10-scaled.jpg\" \/>\n\t<meta property=\"og:image:width\" content=\"2560\" \/>\n\t<meta property=\"og:image:height\" content=\"1707\" \/>\n\t<meta property=\"og:image:type\" content=\"image\/jpeg\" \/>\n<meta name=\"author\" content=\"admin\" \/>\n<meta name=\"twitter:card\" content=\"summary_large_image\" \/>\n<meta name=\"twitter:label1\" content=\"Escrito por\" \/>\n\t<meta name=\"twitter:data1\" content=\"admin\" \/>\n\t<meta name=\"twitter:label2\" content=\"Tiempo de lectura\" \/>\n\t<meta name=\"twitter:data2\" content=\"2 minutos\" \/>\n<script type=\"application\/ld+json\" class=\"yoast-schema-graph\">{\"@context\":\"https:\\\/\\\/schema.org\",\"@graph\":[{\"@type\":\"Article\",\"@id\":\"https:\\\/\\\/viarnet.org\\\/index.php\\\/2023\\\/10\\\/10\\\/supercopa-solidaria\\\/#article\",\"isPartOf\":{\"@id\":\"https:\\\/\\\/viarnet.org\\\/index.php\\\/2023\\\/10\\\/10\\\/supercopa-solidaria\\\/\"},\"author\":{\"name\":\"admin\",\"@id\":\"https:\\\/\\\/viarnet.org\\\/#\\\/schema\\\/person\\\/4dbaa0fb8a8cc8312de53dd9a614d9fa\"},\"headline\":\"SUPERCOPA SOLIDARIA\",\"datePublished\":\"2023-10-10T13:17:07+00:00\",\"dateModified\":\"2023-10-10T13:18:31+00:00\",\"mainEntityOfPage\":{\"@id\":\"https:\\\/\\\/viarnet.org\\\/index.php\\\/2023\\\/10\\\/10\\\/supercopa-solidaria\\\/\"},\"wordCount\":107,\"publisher\":{\"@id\":\"https:\\\/\\\/viarnet.org\\\/#organization\"},\"image\":{\"@id\":\"https:\\\/\\\/viarnet.org\\\/index.php\\\/2023\\\/10\\\/10\\\/supercopa-solidaria\\\/#primaryimage\"},\"thumbnailUrl\":\"https:\\\/\\\/viarnet.org\\\/wp-content\\\/uploads\\\/2023\\\/10\\\/Supercopa-10-scaled.jpg\",\"articleSection\":[\"Nivel 1\",\"Nivel 2\",\"Nivel 3\",\"Nivel 4\"],\"inLanguage\":\"es\"},{\"@type\":\"WebPage\",\"@id\":\"https:\\\/\\\/viarnet.org\\\/index.php\\\/2023\\\/10\\\/10\\\/supercopa-solidaria\\\/\",\"url\":\"https:\\\/\\\/viarnet.org\\\/index.php\\\/2023\\\/10\\\/10\\\/supercopa-solidaria\\\/\",\"name\":\"SUPERCOPA SOLIDARIA | Club Familiar VIAR\",\"isPartOf\":{\"@id\":\"https:\\\/\\\/viarnet.org\\\/#website\"},\"primaryImageOfPage\":{\"@id\":\"https:\\\/\\\/viarnet.org\\\/index.php\\\/2023\\\/10\\\/10\\\/supercopa-solidaria\\\/#primaryimage\"},\"image\":{\"@id\":\"https:\\\/\\\/viarnet.org\\\/index.php\\\/2023\\\/10\\\/10\\\/supercopa-solidaria\\\/#primaryimage\"},\"thumbnailUrl\":\"https:\\\/\\\/viarnet.org\\\/wp-content\\\/uploads\\\/2023\\\/10\\\/Supercopa-10-scaled.jpg\",\"datePublished\":\"2023-10-10T13:17:07+00:00\",\"dateModified\":\"2023-10-10T13:18:31+00:00\",\"description\":\"La mayor\u00eda de los socios ten\u00edan marcado el s\u00e1bado 30 de septiembre en su calendario: era el d\u00eda que se celebraba la Supercopa Solidaria Viar: un torneo de\",\"breadcrumb\":{\"@id\":\"https:\\\/\\\/viarnet.org\\\/index.php\\\/2023\\\/10\\\/10\\\/supercopa-solidaria\\\/#breadcrumb\"},\"inLanguage\":\"es\",\"potentialAction\":[{\"@type\":\"ReadAction\",\"target\":[\"https:\\\/\\\/viarnet.org\\\/index.php\\\/2023\\\/10\\\/10\\\/supercopa-solidaria\\\/\"]}]},{\"@type\":\"ImageObject\",\"inLanguage\":\"es\",\"@id\":\"https:\\\/\\\/viarnet.org\\\/index.php\\\/2023\\\/10\\\/10\\\/supercopa-solidaria\\\/#primaryimage\",\"url\":\"https:\\\/\\\/viarnet.org\\\/wp-content\\\/uploads\\\/2023\\\/10\\\/Supercopa-10-scaled.jpg\",\"contentUrl\":\"https:\\\/\\\/viarnet.org\\\/wp-content\\\/uploads\\\/2023\\\/10\\\/Supercopa-10-scaled.jpg\",\"width\":2560,\"height\":1707},{\"@type\":\"BreadcrumbList\",\"@id\":\"https:\\\/\\\/viarnet.org\\\/index.php\\\/2023\\\/10\\\/10\\\/supercopa-solidaria\\\/#breadcrumb\",\"itemListElement\":[{\"@type\":\"ListItem\",\"position\":1,\"name\":\"Portada\",\"item\":\"https:\\\/\\\/viarnet.org\\\/\"},{\"@type\":\"ListItem\",\"position\":2,\"name\":\"SUPERCOPA SOLIDARIA\"}]},{\"@type\":\"WebSite\",\"@id\":\"https:\\\/\\\/viarnet.org\\\/#website\",\"url\":\"https:\\\/\\\/viarnet.org\\\/\",\"name\":\"VIAR\",\"description\":\"Un centro educativo de car\u00e1cter extraescolar que atuda a las familias en la formaci\u00f3n de sus hijos\",\"publisher\":{\"@id\":\"https:\\\/\\\/viarnet.org\\\/#organization\"},\"potentialAction\":[{\"@type\":\"SearchAction\",\"target\":{\"@type\":\"EntryPoint\",\"urlTemplate\":\"https:\\\/\\\/viarnet.org\\\/?s={search_term_string}\"},\"query-input\":{\"@type\":\"PropertyValueSpecification\",\"valueRequired\":true,\"valueName\":\"search_term_string\"}}],\"inLanguage\":\"es\"},{\"@type\":\"Organization\",\"@id\":\"https:\\\/\\\/viarnet.org\\\/#organization\",\"name\":\"VIAR\",\"url\":\"https:\\\/\\\/viarnet.org\\\/\",\"logo\":{\"@type\":\"ImageObject\",\"inLanguage\":\"es\",\"@id\":\"https:\\\/\\\/viarnet.org\\\/#\\\/schema\\\/logo\\\/image\\\/\",\"url\":\"https:\\\/\\\/viarnet.org\\\/wp-content\\\/uploads\\\/2023\\\/09\\\/LOGO-VIAR-2024.png\",\"contentUrl\":\"https:\\\/\\\/viarnet.org\\\/wp-content\\\/uploads\\\/2023\\\/09\\\/LOGO-VIAR-2024.png\",\"width\":1976,\"height\":1976,\"caption\":\"VIAR\"},\"image\":{\"@id\":\"https:\\\/\\\/viarnet.org\\\/#\\\/schema\\\/logo\\\/image\\\/\"}},{\"@type\":\"Person\",\"@id\":\"https:\\\/\\\/viarnet.org\\\/#\\\/schema\\\/person\\\/4dbaa0fb8a8cc8312de53dd9a614d9fa\",\"name\":\"admin\",\"url\":\"https:\\\/\\\/viarnet.org\\\/index.php\\\/author\\\/wp_viar\\\/\"}]}<\/script>\n<!-- \/ Yoast SEO plugin. -->","yoast_head_json":{"title":"SUPERCOPA SOLIDARIA | Club Familiar VIAR","description":"La mayor\u00eda de los socios ten\u00edan marcado el s\u00e1bado 30 de septiembre en su calendario: era el d\u00eda que se celebraba la Supercopa Solidaria Viar: un torneo de","robots":{"index":"index","follow":"follow","max-snippet":"max-snippet:-1","max-image-preview":"max-image-preview:large","max-video-preview":"max-video-preview:-1"},"canonical":"https:\/\/viarnet.org\/index.php\/2023\/10\/10\/supercopa-solidaria\/","og_locale":"es_ES","og_type":"article","og_title":"SUPERCOPA SOLIDARIA | Club Familiar VIAR","og_description":"La mayor\u00eda de los socios ten\u00edan marcado el s\u00e1bado 30 de septiembre en su calendario: era el d\u00eda que se celebraba la Supercopa Solidaria Viar: un torneo de","og_url":"https:\/\/viarnet.org\/index.php\/2023\/10\/10\/supercopa-solidaria\/","og_site_name":"VIAR","article_published_time":"2023-10-10T13:17:07+00:00","article_modified_time":"2023-10-10T13:18:31+00:00","og_image":[{"width":2560,"height":1707,"url":"https:\/\/viarnet.org\/wp-content\/uploads\/2023\/10\/Supercopa-10-scaled.jpg","type":"image\/jpeg"}],"author":"admin","twitter_card":"summary_large_image","twitter_misc":{"Escrito por":"admin","Tiempo de lectura":"2 minutos"},"schema":{"@context":"https:\/\/schema.org","@graph":[{"@type":"Article","@id":"https:\/\/viarnet.org\/index.php\/2023\/10\/10\/supercopa-solidaria\/#article","isPartOf":{"@id":"https:\/\/viarnet.org\/index.php\/2023\/10\/10\/supercopa-solidaria\/"},"author":{"name":"admin","@id":"https:\/\/viarnet.org\/#\/schema\/person\/4dbaa0fb8a8cc8312de53dd9a614d9fa"},"headline":"SUPERCOPA SOLIDARIA","datePublished":"2023-10-10T13:17:07+00:00","dateModified":"2023-10-10T13:18:31+00:00","mainEntityOfPage":{"@id":"https:\/\/viarnet.org\/index.php\/2023\/10\/10\/supercopa-solidaria\/"},"wordCount":107,"publisher":{"@id":"https:\/\/viarnet.org\/#organization"},"image":{"@id":"https:\/\/viarnet.org\/index.php\/2023\/10\/10\/supercopa-solidaria\/#primaryimage"},"thumbnailUrl":"https:\/\/viarnet.org\/wp-content\/uploads\/2023\/10\/Supercopa-10-scaled.jpg","articleSection":["Nivel 1","Nivel 2","Nivel 3","Nivel 4"],"inLanguage":"es"},{"@type":"WebPage","@id":"https:\/\/viarnet.org\/index.php\/2023\/10\/10\/supercopa-solidaria\/","url":"https:\/\/viarnet.org\/index.php\/2023\/10\/10\/supercopa-solidaria\/","name":"SUPERCOPA SOLIDARIA | Club Familiar VIAR","isPartOf":{"@id":"https:\/\/viarnet.org\/#website"},"primaryImageOfPage":{"@id":"https:\/\/viarnet.org\/index.php\/2023\/10\/10\/supercopa-solidaria\/#primaryimage"},"image":{"@id":"https:\/\/viarnet.org\/index.php\/2023\/10\/10\/supercopa-solidaria\/#primaryimage"},"thumbnailUrl":"https:\/\/viarnet.org\/wp-content\/uploads\/2023\/10\/Supercopa-10-scaled.jpg","datePublished":"2023-10-10T13:17:07+00:00","dateModified":"2023-10-10T13:18:31+00:00","description":"La mayor\u00eda de los socios ten\u00edan marcado el s\u00e1bado 30 de septiembre en su calendario: era el d\u00eda que se celebraba la Supercopa Solidaria Viar: un torneo de","breadcrumb":{"@id":"https:\/\/viarnet.org\/index.php\/2023\/10\/10\/supercopa-solidaria\/#breadcrumb"},"inLanguage":"es","potentialAction":[{"@type":"ReadAction","target":["https:\/\/viarnet.org\/index.php\/2023\/10\/10\/supercopa-solidaria\/"]}]},{"@type":"ImageObject","inLanguage":"es","@id":"https:\/\/viarnet.org\/index.php\/2023\/10\/10\/supercopa-solidaria\/#primaryimage","url":"https:\/\/viarnet.org\/wp-content\/uploads\/2023\/10\/Supercopa-10-scaled.jpg","contentUrl":"https:\/\/viarnet.org\/wp-content\/uploads\/2023\/10\/Supercopa-10-scaled.jpg","width":2560,"height":1707},{"@type":"BreadcrumbList","@id":"https:\/\/viarnet.org\/index.php\/2023\/10\/10\/supercopa-solidaria\/#breadcrumb","itemListElement":[{"@type":"ListItem","position":1,"name":"Portada","item":"https:\/\/viarnet.org\/"},{"@type":"ListItem","position":2,"name":"SUPERCOPA SOLIDARIA"}]},{"@type":"WebSite","@id":"https:\/\/viarnet.org\/#website","url":"https:\/\/viarnet.org\/","name":"VIAR","description":"Un centro educativo de car\u00e1cter extraescolar que atuda a las familias en la formaci\u00f3n de sus hijos","publisher":{"@id":"https:\/\/viarnet.org\/#organization"},"potentialAction":[{"@type":"SearchAction","target":{"@type":"EntryPoint","urlTemplate":"https:\/\/viarnet.org\/?s={search_term_string}"},"query-input":{"@type":"PropertyValueSpecification","valueRequired":true,"valueName":"search_term_string"}}],"inLanguage":"es"},{"@type":"Organization","@id":"https:\/\/viarnet.org\/#organization","name":"VIAR","url":"https:\/\/viarnet.org\/","logo":{"@type":"ImageObject","inLanguage":"es","@id":"https:\/\/viarnet.org\/#\/schema\/logo\/image\/","url":"https:\/\/viarnet.org\/wp-content\/uploads\/2023\/09\/LOGO-VIAR-2024.png","contentUrl":"https:\/\/viarnet.org\/wp-content\/uploads\/2023\/09\/LOGO-VIAR-2024.png","width":1976,"height":1976,"caption":"VIAR"},"image":{"@id":"https:\/\/viarnet.org\/#\/schema\/logo\/image\/"}},{"@type":"Person","@id":"https:\/\/viarnet.org\/#\/schema\/person\/4dbaa0fb8a8cc8312de53dd9a614d9fa","name":"admin","url":"https:\/\/viarnet.org\/index.php\/author\/wp_viar\/"}]}},"_links":{"self":[{"href":"https:\/\/viarnet.org\/index.php\/wp-json\/wp\/v2\/posts\/3558","targetHints":{"allow":["GET"]}}],"collection":[{"href":"https:\/\/viarnet.org\/index.php\/wp-json\/wp\/v2\/posts"}],"about":[{"href":"https:\/\/viarnet.org\/index.php\/wp-json\/wp\/v2\/types\/post"}],"author":[{"embeddable":true,"href":"https:\/\/viarnet.org\/index.php\/wp-json\/wp\/v2\/users\/1"}],"replies":[{"embeddable":true,"href":"https:\/\/viarnet.org\/index.php\/wp-json\/wp\/v2\/comments?post=3558"}],"version-history":[{"count":0,"href":"https:\/\/viarnet.org\/index.php\/wp-json\/wp\/v2\/posts\/3558\/revisions"}],"wp:featuredmedia":[{"embeddable":true,"href":"https:\/\/viarnet.org\/index.php\/wp-json\/wp\/v2\/media\/3559"}],"wp:attachment":[{"href":"https:\/\/viarnet.org\/index.php\/wp-json\/wp\/v2\/media?parent=3558"}],"wp:term":[{"taxonomy":"category","embeddable":true,"href":"https:\/\/viarnet.org\/index.php\/wp-json\/wp\/v2\/categories?post=3558"},{"taxonomy":"post_tag","embeddable":true,"href":"https:\/\/viarnet.org\/index.php\/wp-json\/wp\/v2\/tags?post=3558"}],"curies":[{"name":"wp","href":"https:\/\/api.w.org\/{rel}","templated":true}]}}