{"id":3362,"date":"2023-06-04T12:51:41","date_gmt":"2023-06-04T10:51:41","guid":{"rendered":"https:\/\/viarnet.org\/?p=3362"},"modified":"2023-06-04T12:51:42","modified_gmt":"2023-06-04T10:51:42","slug":"convi-en-cordoba","status":"publish","type":"post","link":"https:\/\/viarnet.org\/index.php\/2023\/06\/04\/convi-en-cordoba\/","title":{"rendered":"CONVI EN CORDOBA"},"content":{"rendered":"\n<p>El \u00faltimo fin de semana de mayo los niveles 0, 1 y 2 ten\u00edan programada una convivencia en C\u00f3rdoba. Y aunque el tiempo amenazaba lluvia, all\u00ed que se fueron.<\/p>\n\n\n\n<p>El campamento base lo establecimos en el club Alcorce. All\u00ed cont\u00e1bamos con una pista deportiva y una magn\u00edfica piscina, que disfrutamos a tope.<\/p>\n\n\n\n<figure class=\"wp-block-image size-large\"><img loading=\"lazy\" decoding=\"async\" width=\"1024\" height=\"768\" src=\"https:\/\/viarnet.org\/wp-content\/uploads\/2023\/06\/Cordoba-4-1024x768.jpeg\" alt=\"\" class=\"wp-image-3364\" srcset=\"https:\/\/viarnet.org\/wp-content\/uploads\/2023\/06\/Cordoba-4-1024x768.jpeg 1024w, https:\/\/viarnet.org\/wp-content\/uploads\/2023\/06\/Cordoba-4-300x225.jpeg 300w, https:\/\/viarnet.org\/wp-content\/uploads\/2023\/06\/Cordoba-4-768x576.jpeg 768w, https:\/\/viarnet.org\/wp-content\/uploads\/2023\/06\/Cordoba-4-1536x1152.jpeg 1536w, https:\/\/viarnet.org\/wp-content\/uploads\/2023\/06\/Cordoba-4.jpeg 2048w\" sizes=\"auto, (max-width: 1024px) 100vw, 1024px\" \/><\/figure>\n\n\n\n<figure class=\"wp-block-image size-large\"><img loading=\"lazy\" decoding=\"async\" width=\"1024\" height=\"768\" src=\"https:\/\/viarnet.org\/wp-content\/uploads\/2023\/06\/Cordoba-5-1024x768.jpeg\" alt=\"\" class=\"wp-image-3365\" srcset=\"https:\/\/viarnet.org\/wp-content\/uploads\/2023\/06\/Cordoba-5-1024x768.jpeg 1024w, https:\/\/viarnet.org\/wp-content\/uploads\/2023\/06\/Cordoba-5-300x225.jpeg 300w, https:\/\/viarnet.org\/wp-content\/uploads\/2023\/06\/Cordoba-5-768x576.jpeg 768w, https:\/\/viarnet.org\/wp-content\/uploads\/2023\/06\/Cordoba-5-1536x1152.jpeg 1536w, https:\/\/viarnet.org\/wp-content\/uploads\/2023\/06\/Cordoba-5.jpeg 2048w\" sizes=\"auto, (max-width: 1024px) 100vw, 1024px\" \/><\/figure>\n\n\n\n<figure class=\"wp-block-image size-large\"><img loading=\"lazy\" decoding=\"async\" width=\"1024\" height=\"768\" src=\"https:\/\/viarnet.org\/wp-content\/uploads\/2023\/06\/Cordoba-6-1024x768.jpeg\" alt=\"\" class=\"wp-image-3366\" srcset=\"https:\/\/viarnet.org\/wp-content\/uploads\/2023\/06\/Cordoba-6-1024x768.jpeg 1024w, https:\/\/viarnet.org\/wp-content\/uploads\/2023\/06\/Cordoba-6-300x225.jpeg 300w, https:\/\/viarnet.org\/wp-content\/uploads\/2023\/06\/Cordoba-6-768x576.jpeg 768w, https:\/\/viarnet.org\/wp-content\/uploads\/2023\/06\/Cordoba-6-1536x1152.jpeg 1536w, https:\/\/viarnet.org\/wp-content\/uploads\/2023\/06\/Cordoba-6.jpeg 2048w\" sizes=\"auto, (max-width: 1024px) 100vw, 1024px\" \/><\/figure>\n\n\n\n<p>Tambi\u00e9n tuvimos ocasi\u00f3n de visitar la Ciudad de los Ni\u00f1os. Tuvimos mucha suerte, porque al ser la feria de C\u00f3rdoba, ten\u00edamos las instalaciones casi para nosotros solos.<\/p>\n\n\n<div class=\"wp-block-image\">\n<figure class=\"aligncenter size-large is-resized\"><img loading=\"lazy\" decoding=\"async\" src=\"https:\/\/viarnet.org\/wp-content\/uploads\/2023\/06\/Cordoba-1-768x1024.jpeg\" alt=\"\" class=\"wp-image-3367\" width=\"576\" height=\"768\" srcset=\"https:\/\/viarnet.org\/wp-content\/uploads\/2023\/06\/Cordoba-1-768x1024.jpeg 768w, https:\/\/viarnet.org\/wp-content\/uploads\/2023\/06\/Cordoba-1-225x300.jpeg 225w, https:\/\/viarnet.org\/wp-content\/uploads\/2023\/06\/Cordoba-1-1152x1536.jpeg 1152w, https:\/\/viarnet.org\/wp-content\/uploads\/2023\/06\/Cordoba-1.jpeg 1536w\" sizes=\"auto, (max-width: 576px) 100vw, 576px\" \/><\/figure>\n<\/div>\n\n\n<figure class=\"wp-block-image size-large\"><img loading=\"lazy\" decoding=\"async\" width=\"1024\" height=\"768\" src=\"https:\/\/viarnet.org\/wp-content\/uploads\/2023\/06\/Cordoba-10-1024x768.jpeg\" alt=\"\" class=\"wp-image-3368\" srcset=\"https:\/\/viarnet.org\/wp-content\/uploads\/2023\/06\/Cordoba-10-1024x768.jpeg 1024w, https:\/\/viarnet.org\/wp-content\/uploads\/2023\/06\/Cordoba-10-300x225.jpeg 300w, https:\/\/viarnet.org\/wp-content\/uploads\/2023\/06\/Cordoba-10-768x576.jpeg 768w, https:\/\/viarnet.org\/wp-content\/uploads\/2023\/06\/Cordoba-10-1536x1152.jpeg 1536w, https:\/\/viarnet.org\/wp-content\/uploads\/2023\/06\/Cordoba-10.jpeg 2048w\" sizes=\"auto, (max-width: 1024px) 100vw, 1024px\" \/><\/figure>\n\n\n<div class=\"wp-block-image\">\n<figure class=\"aligncenter size-large is-resized\"><img loading=\"lazy\" decoding=\"async\" src=\"https:\/\/viarnet.org\/wp-content\/uploads\/2023\/06\/Cordoba-11-768x1024.jpeg\" alt=\"\" class=\"wp-image-3369\" width=\"576\" height=\"768\" srcset=\"https:\/\/viarnet.org\/wp-content\/uploads\/2023\/06\/Cordoba-11-768x1024.jpeg 768w, https:\/\/viarnet.org\/wp-content\/uploads\/2023\/06\/Cordoba-11-225x300.jpeg 225w, https:\/\/viarnet.org\/wp-content\/uploads\/2023\/06\/Cordoba-11-1152x1536.jpeg 1152w, https:\/\/viarnet.org\/wp-content\/uploads\/2023\/06\/Cordoba-11.jpeg 1536w\" sizes=\"auto, (max-width: 576px) 100vw, 576px\" \/><\/figure>\n<\/div>\n\n\n<p>Los columpios de este parque son muy chulos y variados. Pero uno de los m\u00e1s divertidos era la gran cama el\u00e1stica.<\/p>\n\n\n\n<figure class=\"wp-block-image size-large\"><img loading=\"lazy\" decoding=\"async\" width=\"1024\" height=\"768\" src=\"https:\/\/viarnet.org\/wp-content\/uploads\/2023\/06\/Cordoba-8-1024x768.jpeg\" alt=\"\" class=\"wp-image-3370\" srcset=\"https:\/\/viarnet.org\/wp-content\/uploads\/2023\/06\/Cordoba-8-1024x768.jpeg 1024w, https:\/\/viarnet.org\/wp-content\/uploads\/2023\/06\/Cordoba-8-300x225.jpeg 300w, https:\/\/viarnet.org\/wp-content\/uploads\/2023\/06\/Cordoba-8-768x576.jpeg 768w, https:\/\/viarnet.org\/wp-content\/uploads\/2023\/06\/Cordoba-8-1536x1152.jpeg 1536w, https:\/\/viarnet.org\/wp-content\/uploads\/2023\/06\/Cordoba-8.jpeg 2048w\" sizes=\"auto, (max-width: 1024px) 100vw, 1024px\" \/><\/figure>\n\n\n\n<p>Tambi\u00e9n hab\u00eda lugar para los que quer\u00edan actividades m\u00e1s tranquilas: m\u00fasica, relax&#8230;<\/p>\n\n\n\n<figure class=\"wp-block-image size-large\"><img loading=\"lazy\" decoding=\"async\" width=\"1024\" height=\"768\" src=\"https:\/\/viarnet.org\/wp-content\/uploads\/2023\/06\/Cordoba-7-1024x768.jpeg\" alt=\"\" class=\"wp-image-3371\" srcset=\"https:\/\/viarnet.org\/wp-content\/uploads\/2023\/06\/Cordoba-7-1024x768.jpeg 1024w, https:\/\/viarnet.org\/wp-content\/uploads\/2023\/06\/Cordoba-7-300x225.jpeg 300w, https:\/\/viarnet.org\/wp-content\/uploads\/2023\/06\/Cordoba-7-768x576.jpeg 768w, https:\/\/viarnet.org\/wp-content\/uploads\/2023\/06\/Cordoba-7-1536x1152.jpeg 1536w, https:\/\/viarnet.org\/wp-content\/uploads\/2023\/06\/Cordoba-7.jpeg 2048w\" sizes=\"auto, (max-width: 1024px) 100vw, 1024px\" \/><\/figure>\n\n\n<div class=\"wp-block-image\">\n<figure class=\"aligncenter size-large is-resized\"><img loading=\"lazy\" decoding=\"async\" src=\"https:\/\/viarnet.org\/wp-content\/uploads\/2023\/06\/Cordoba-9-768x1024.jpeg\" alt=\"\" class=\"wp-image-3372\" width=\"576\" height=\"768\" srcset=\"https:\/\/viarnet.org\/wp-content\/uploads\/2023\/06\/Cordoba-9-768x1024.jpeg 768w, https:\/\/viarnet.org\/wp-content\/uploads\/2023\/06\/Cordoba-9-225x300.jpeg 225w, https:\/\/viarnet.org\/wp-content\/uploads\/2023\/06\/Cordoba-9-1152x1536.jpeg 1152w, https:\/\/viarnet.org\/wp-content\/uploads\/2023\/06\/Cordoba-9.jpeg 1536w\" sizes=\"auto, (max-width: 576px) 100vw, 576px\" \/><\/figure>\n<\/div>\n\n\n<figure class=\"wp-block-image size-large\"><img loading=\"lazy\" decoding=\"async\" width=\"1024\" height=\"768\" src=\"https:\/\/viarnet.org\/wp-content\/uploads\/2023\/06\/Cordoba-2-1024x768.jpeg\" alt=\"\" class=\"wp-image-3373\" srcset=\"https:\/\/viarnet.org\/wp-content\/uploads\/2023\/06\/Cordoba-2-1024x768.jpeg 1024w, https:\/\/viarnet.org\/wp-content\/uploads\/2023\/06\/Cordoba-2-300x225.jpeg 300w, https:\/\/viarnet.org\/wp-content\/uploads\/2023\/06\/Cordoba-2-768x576.jpeg 768w, https:\/\/viarnet.org\/wp-content\/uploads\/2023\/06\/Cordoba-2-1536x1152.jpeg 1536w, https:\/\/viarnet.org\/wp-content\/uploads\/2023\/06\/Cordoba-2.jpeg 2048w\" sizes=\"auto, (max-width: 1024px) 100vw, 1024px\" \/><\/figure>\n\n\n\n<p>En fin, que conseguimos vencer a la lluvia y pasar un fin de semana muy variado.<\/p>\n","protected":false},"excerpt":{"rendered":"<p>El \u00faltimo fin de semana de mayo los niveles 0, 1 y 2 ten\u00edan programada una convivencia en C\u00f3rdoba. Y aunque el tiempo amenazaba lluvia, all\u00ed que se fueron. El [&hellip;]<\/p>\n","protected":false},"author":1,"featured_media":3363,"comment_status":"closed","ping_status":"closed","sticky":false,"template":"","format":"standard","meta":{"ngg_post_thumbnail":0,"footnotes":""},"categories":[3,4,5],"tags":[],"class_list":{"0":"post-3362","1":"post","2":"type-post","3":"status-publish","4":"format-standard","5":"has-post-thumbnail","6":"hentry","7":"category-nv0","8":"category-nv1","9":"category-nv2","11":"post-with-thumbnail","12":"post-with-thumbnail-large"},"yoast_head":"<!-- This site is optimized with the Yoast SEO plugin v27.3 - https:\/\/yoast.com\/product\/yoast-seo-wordpress\/ -->\n<title>CONVI EN CORDOBA | Club Familiar VIAR<\/title>\n<meta name=\"description\" content=\"El \u00faltimo fin de semana de mayo los niveles 0, 1 y 2 ten\u00edan programada una convivencia en C\u00f3rdoba. Y aunque el tiempo amenazaba lluvia, all\u00ed que se\" \/>\n<meta name=\"robots\" content=\"index, follow, max-snippet:-1, max-image-preview:large, max-video-preview:-1\" \/>\n<link rel=\"canonical\" href=\"https:\/\/viarnet.org\/index.php\/2023\/06\/04\/convi-en-cordoba\/\" \/>\n<meta property=\"og:locale\" content=\"es_ES\" \/>\n<meta property=\"og:type\" content=\"article\" \/>\n<meta property=\"og:title\" content=\"CONVI EN CORDOBA | Club Familiar VIAR\" \/>\n<meta property=\"og:description\" content=\"El \u00faltimo fin de semana de mayo los niveles 0, 1 y 2 ten\u00edan programada una convivencia en C\u00f3rdoba. Y aunque el tiempo amenazaba lluvia, all\u00ed que se\" \/>\n<meta property=\"og:url\" content=\"https:\/\/viarnet.org\/index.php\/2023\/06\/04\/convi-en-cordoba\/\" \/>\n<meta property=\"og:site_name\" content=\"VIAR\" \/>\n<meta property=\"article:published_time\" content=\"2023-06-04T10:51:41+00:00\" \/>\n<meta property=\"article:modified_time\" content=\"2023-06-04T10:51:42+00:00\" \/>\n<meta property=\"og:image\" content=\"https:\/\/viarnet.org\/wp-content\/uploads\/2023\/06\/Cordoba-12.jpeg\" \/>\n\t<meta property=\"og:image:width\" content=\"2048\" \/>\n\t<meta property=\"og:image:height\" content=\"1536\" \/>\n\t<meta property=\"og:image:type\" content=\"image\/jpeg\" \/>\n<meta name=\"author\" content=\"admin\" \/>\n<meta name=\"twitter:card\" content=\"summary_large_image\" \/>\n<meta name=\"twitter:label1\" content=\"Escrito por\" \/>\n\t<meta name=\"twitter:data1\" content=\"admin\" \/>\n\t<meta name=\"twitter:label2\" content=\"Tiempo de lectura\" \/>\n\t<meta name=\"twitter:data2\" content=\"3 minutos\" \/>\n<script type=\"application\/ld+json\" class=\"yoast-schema-graph\">{\"@context\":\"https:\\\/\\\/schema.org\",\"@graph\":[{\"@type\":\"Article\",\"@id\":\"https:\\\/\\\/viarnet.org\\\/index.php\\\/2023\\\/06\\\/04\\\/convi-en-cordoba\\\/#article\",\"isPartOf\":{\"@id\":\"https:\\\/\\\/viarnet.org\\\/index.php\\\/2023\\\/06\\\/04\\\/convi-en-cordoba\\\/\"},\"author\":{\"name\":\"admin\",\"@id\":\"https:\\\/\\\/viarnet.org\\\/#\\\/schema\\\/person\\\/4dbaa0fb8a8cc8312de53dd9a614d9fa\"},\"headline\":\"CONVI EN CORDOBA\",\"datePublished\":\"2023-06-04T10:51:41+00:00\",\"dateModified\":\"2023-06-04T10:51:42+00:00\",\"mainEntityOfPage\":{\"@id\":\"https:\\\/\\\/viarnet.org\\\/index.php\\\/2023\\\/06\\\/04\\\/convi-en-cordoba\\\/\"},\"wordCount\":144,\"publisher\":{\"@id\":\"https:\\\/\\\/viarnet.org\\\/#organization\"},\"image\":{\"@id\":\"https:\\\/\\\/viarnet.org\\\/index.php\\\/2023\\\/06\\\/04\\\/convi-en-cordoba\\\/#primaryimage\"},\"thumbnailUrl\":\"https:\\\/\\\/viarnet.org\\\/wp-content\\\/uploads\\\/2023\\\/06\\\/Cordoba-12.jpeg\",\"articleSection\":[\"Nivel 0\",\"Nivel 1\",\"Nivel 2\"],\"inLanguage\":\"es\"},{\"@type\":\"WebPage\",\"@id\":\"https:\\\/\\\/viarnet.org\\\/index.php\\\/2023\\\/06\\\/04\\\/convi-en-cordoba\\\/\",\"url\":\"https:\\\/\\\/viarnet.org\\\/index.php\\\/2023\\\/06\\\/04\\\/convi-en-cordoba\\\/\",\"name\":\"CONVI EN CORDOBA | Club Familiar VIAR\",\"isPartOf\":{\"@id\":\"https:\\\/\\\/viarnet.org\\\/#website\"},\"primaryImageOfPage\":{\"@id\":\"https:\\\/\\\/viarnet.org\\\/index.php\\\/2023\\\/06\\\/04\\\/convi-en-cordoba\\\/#primaryimage\"},\"image\":{\"@id\":\"https:\\\/\\\/viarnet.org\\\/index.php\\\/2023\\\/06\\\/04\\\/convi-en-cordoba\\\/#primaryimage\"},\"thumbnailUrl\":\"https:\\\/\\\/viarnet.org\\\/wp-content\\\/uploads\\\/2023\\\/06\\\/Cordoba-12.jpeg\",\"datePublished\":\"2023-06-04T10:51:41+00:00\",\"dateModified\":\"2023-06-04T10:51:42+00:00\",\"description\":\"El \u00faltimo fin de semana de mayo los niveles 0, 1 y 2 ten\u00edan programada una convivencia en C\u00f3rdoba. Y aunque el tiempo amenazaba lluvia, all\u00ed que se\",\"breadcrumb\":{\"@id\":\"https:\\\/\\\/viarnet.org\\\/index.php\\\/2023\\\/06\\\/04\\\/convi-en-cordoba\\\/#breadcrumb\"},\"inLanguage\":\"es\",\"potentialAction\":[{\"@type\":\"ReadAction\",\"target\":[\"https:\\\/\\\/viarnet.org\\\/index.php\\\/2023\\\/06\\\/04\\\/convi-en-cordoba\\\/\"]}]},{\"@type\":\"ImageObject\",\"inLanguage\":\"es\",\"@id\":\"https:\\\/\\\/viarnet.org\\\/index.php\\\/2023\\\/06\\\/04\\\/convi-en-cordoba\\\/#primaryimage\",\"url\":\"https:\\\/\\\/viarnet.org\\\/wp-content\\\/uploads\\\/2023\\\/06\\\/Cordoba-12.jpeg\",\"contentUrl\":\"https:\\\/\\\/viarnet.org\\\/wp-content\\\/uploads\\\/2023\\\/06\\\/Cordoba-12.jpeg\",\"width\":2048,\"height\":1536},{\"@type\":\"BreadcrumbList\",\"@id\":\"https:\\\/\\\/viarnet.org\\\/index.php\\\/2023\\\/06\\\/04\\\/convi-en-cordoba\\\/#breadcrumb\",\"itemListElement\":[{\"@type\":\"ListItem\",\"position\":1,\"name\":\"Portada\",\"item\":\"https:\\\/\\\/viarnet.org\\\/\"},{\"@type\":\"ListItem\",\"position\":2,\"name\":\"CONVI EN CORDOBA\"}]},{\"@type\":\"WebSite\",\"@id\":\"https:\\\/\\\/viarnet.org\\\/#website\",\"url\":\"https:\\\/\\\/viarnet.org\\\/\",\"name\":\"VIAR\",\"description\":\"Un centro educativo de car\u00e1cter extraescolar que atuda a las familias en la formaci\u00f3n de sus hijos\",\"publisher\":{\"@id\":\"https:\\\/\\\/viarnet.org\\\/#organization\"},\"potentialAction\":[{\"@type\":\"SearchAction\",\"target\":{\"@type\":\"EntryPoint\",\"urlTemplate\":\"https:\\\/\\\/viarnet.org\\\/?s={search_term_string}\"},\"query-input\":{\"@type\":\"PropertyValueSpecification\",\"valueRequired\":true,\"valueName\":\"search_term_string\"}}],\"inLanguage\":\"es\"},{\"@type\":\"Organization\",\"@id\":\"https:\\\/\\\/viarnet.org\\\/#organization\",\"name\":\"VIAR\",\"url\":\"https:\\\/\\\/viarnet.org\\\/\",\"logo\":{\"@type\":\"ImageObject\",\"inLanguage\":\"es\",\"@id\":\"https:\\\/\\\/viarnet.org\\\/#\\\/schema\\\/logo\\\/image\\\/\",\"url\":\"https:\\\/\\\/viarnet.org\\\/wp-content\\\/uploads\\\/2023\\\/09\\\/LOGO-VIAR-2024.png\",\"contentUrl\":\"https:\\\/\\\/viarnet.org\\\/wp-content\\\/uploads\\\/2023\\\/09\\\/LOGO-VIAR-2024.png\",\"width\":1976,\"height\":1976,\"caption\":\"VIAR\"},\"image\":{\"@id\":\"https:\\\/\\\/viarnet.org\\\/#\\\/schema\\\/logo\\\/image\\\/\"}},{\"@type\":\"Person\",\"@id\":\"https:\\\/\\\/viarnet.org\\\/#\\\/schema\\\/person\\\/4dbaa0fb8a8cc8312de53dd9a614d9fa\",\"name\":\"admin\",\"url\":\"https:\\\/\\\/viarnet.org\\\/index.php\\\/author\\\/wp_viar\\\/\"}]}<\/script>\n<!-- \/ Yoast SEO plugin. -->","yoast_head_json":{"title":"CONVI EN CORDOBA | Club Familiar VIAR","description":"El \u00faltimo fin de semana de mayo los niveles 0, 1 y 2 ten\u00edan programada una convivencia en C\u00f3rdoba. Y aunque el tiempo amenazaba lluvia, all\u00ed que se","robots":{"index":"index","follow":"follow","max-snippet":"max-snippet:-1","max-image-preview":"max-image-preview:large","max-video-preview":"max-video-preview:-1"},"canonical":"https:\/\/viarnet.org\/index.php\/2023\/06\/04\/convi-en-cordoba\/","og_locale":"es_ES","og_type":"article","og_title":"CONVI EN CORDOBA | Club Familiar VIAR","og_description":"El \u00faltimo fin de semana de mayo los niveles 0, 1 y 2 ten\u00edan programada una convivencia en C\u00f3rdoba. Y aunque el tiempo amenazaba lluvia, all\u00ed que se","og_url":"https:\/\/viarnet.org\/index.php\/2023\/06\/04\/convi-en-cordoba\/","og_site_name":"VIAR","article_published_time":"2023-06-04T10:51:41+00:00","article_modified_time":"2023-06-04T10:51:42+00:00","og_image":[{"width":2048,"height":1536,"url":"https:\/\/viarnet.org\/wp-content\/uploads\/2023\/06\/Cordoba-12.jpeg","type":"image\/jpeg"}],"author":"admin","twitter_card":"summary_large_image","twitter_misc":{"Escrito por":"admin","Tiempo de lectura":"3 minutos"},"schema":{"@context":"https:\/\/schema.org","@graph":[{"@type":"Article","@id":"https:\/\/viarnet.org\/index.php\/2023\/06\/04\/convi-en-cordoba\/#article","isPartOf":{"@id":"https:\/\/viarnet.org\/index.php\/2023\/06\/04\/convi-en-cordoba\/"},"author":{"name":"admin","@id":"https:\/\/viarnet.org\/#\/schema\/person\/4dbaa0fb8a8cc8312de53dd9a614d9fa"},"headline":"CONVI EN CORDOBA","datePublished":"2023-06-04T10:51:41+00:00","dateModified":"2023-06-04T10:51:42+00:00","mainEntityOfPage":{"@id":"https:\/\/viarnet.org\/index.php\/2023\/06\/04\/convi-en-cordoba\/"},"wordCount":144,"publisher":{"@id":"https:\/\/viarnet.org\/#organization"},"image":{"@id":"https:\/\/viarnet.org\/index.php\/2023\/06\/04\/convi-en-cordoba\/#primaryimage"},"thumbnailUrl":"https:\/\/viarnet.org\/wp-content\/uploads\/2023\/06\/Cordoba-12.jpeg","articleSection":["Nivel 0","Nivel 1","Nivel 2"],"inLanguage":"es"},{"@type":"WebPage","@id":"https:\/\/viarnet.org\/index.php\/2023\/06\/04\/convi-en-cordoba\/","url":"https:\/\/viarnet.org\/index.php\/2023\/06\/04\/convi-en-cordoba\/","name":"CONVI EN CORDOBA | Club Familiar VIAR","isPartOf":{"@id":"https:\/\/viarnet.org\/#website"},"primaryImageOfPage":{"@id":"https:\/\/viarnet.org\/index.php\/2023\/06\/04\/convi-en-cordoba\/#primaryimage"},"image":{"@id":"https:\/\/viarnet.org\/index.php\/2023\/06\/04\/convi-en-cordoba\/#primaryimage"},"thumbnailUrl":"https:\/\/viarnet.org\/wp-content\/uploads\/2023\/06\/Cordoba-12.jpeg","datePublished":"2023-06-04T10:51:41+00:00","dateModified":"2023-06-04T10:51:42+00:00","description":"El \u00faltimo fin de semana de mayo los niveles 0, 1 y 2 ten\u00edan programada una convivencia en C\u00f3rdoba. Y aunque el tiempo amenazaba lluvia, all\u00ed que se","breadcrumb":{"@id":"https:\/\/viarnet.org\/index.php\/2023\/06\/04\/convi-en-cordoba\/#breadcrumb"},"inLanguage":"es","potentialAction":[{"@type":"ReadAction","target":["https:\/\/viarnet.org\/index.php\/2023\/06\/04\/convi-en-cordoba\/"]}]},{"@type":"ImageObject","inLanguage":"es","@id":"https:\/\/viarnet.org\/index.php\/2023\/06\/04\/convi-en-cordoba\/#primaryimage","url":"https:\/\/viarnet.org\/wp-content\/uploads\/2023\/06\/Cordoba-12.jpeg","contentUrl":"https:\/\/viarnet.org\/wp-content\/uploads\/2023\/06\/Cordoba-12.jpeg","width":2048,"height":1536},{"@type":"BreadcrumbList","@id":"https:\/\/viarnet.org\/index.php\/2023\/06\/04\/convi-en-cordoba\/#breadcrumb","itemListElement":[{"@type":"ListItem","position":1,"name":"Portada","item":"https:\/\/viarnet.org\/"},{"@type":"ListItem","position":2,"name":"CONVI EN CORDOBA"}]},{"@type":"WebSite","@id":"https:\/\/viarnet.org\/#website","url":"https:\/\/viarnet.org\/","name":"VIAR","description":"Un centro educativo de car\u00e1cter extraescolar que atuda a las familias en la formaci\u00f3n de sus hijos","publisher":{"@id":"https:\/\/viarnet.org\/#organization"},"potentialAction":[{"@type":"SearchAction","target":{"@type":"EntryPoint","urlTemplate":"https:\/\/viarnet.org\/?s={search_term_string}"},"query-input":{"@type":"PropertyValueSpecification","valueRequired":true,"valueName":"search_term_string"}}],"inLanguage":"es"},{"@type":"Organization","@id":"https:\/\/viarnet.org\/#organization","name":"VIAR","url":"https:\/\/viarnet.org\/","logo":{"@type":"ImageObject","inLanguage":"es","@id":"https:\/\/viarnet.org\/#\/schema\/logo\/image\/","url":"https:\/\/viarnet.org\/wp-content\/uploads\/2023\/09\/LOGO-VIAR-2024.png","contentUrl":"https:\/\/viarnet.org\/wp-content\/uploads\/2023\/09\/LOGO-VIAR-2024.png","width":1976,"height":1976,"caption":"VIAR"},"image":{"@id":"https:\/\/viarnet.org\/#\/schema\/logo\/image\/"}},{"@type":"Person","@id":"https:\/\/viarnet.org\/#\/schema\/person\/4dbaa0fb8a8cc8312de53dd9a614d9fa","name":"admin","url":"https:\/\/viarnet.org\/index.php\/author\/wp_viar\/"}]}},"_links":{"self":[{"href":"https:\/\/viarnet.org\/index.php\/wp-json\/wp\/v2\/posts\/3362","targetHints":{"allow":["GET"]}}],"collection":[{"href":"https:\/\/viarnet.org\/index.php\/wp-json\/wp\/v2\/posts"}],"about":[{"href":"https:\/\/viarnet.org\/index.php\/wp-json\/wp\/v2\/types\/post"}],"author":[{"embeddable":true,"href":"https:\/\/viarnet.org\/index.php\/wp-json\/wp\/v2\/users\/1"}],"replies":[{"embeddable":true,"href":"https:\/\/viarnet.org\/index.php\/wp-json\/wp\/v2\/comments?post=3362"}],"version-history":[{"count":0,"href":"https:\/\/viarnet.org\/index.php\/wp-json\/wp\/v2\/posts\/3362\/revisions"}],"wp:featuredmedia":[{"embeddable":true,"href":"https:\/\/viarnet.org\/index.php\/wp-json\/wp\/v2\/media\/3363"}],"wp:attachment":[{"href":"https:\/\/viarnet.org\/index.php\/wp-json\/wp\/v2\/media?parent=3362"}],"wp:term":[{"taxonomy":"category","embeddable":true,"href":"https:\/\/viarnet.org\/index.php\/wp-json\/wp\/v2\/categories?post=3362"},{"taxonomy":"post_tag","embeddable":true,"href":"https:\/\/viarnet.org\/index.php\/wp-json\/wp\/v2\/tags?post=3362"}],"curies":[{"name":"wp","href":"https:\/\/api.w.org\/{rel}","templated":true}]}}