{"id":3064,"date":"2022-11-07T00:29:44","date_gmt":"2022-11-06T22:29:44","guid":{"rendered":"https:\/\/viarnet.org\/?p=3064"},"modified":"2022-11-07T00:29:46","modified_gmt":"2022-11-06T22:29:46","slug":"finde-en-lomaluz","status":"publish","type":"post","link":"https:\/\/viarnet.org\/index.php\/2022\/11\/07\/finde-en-lomaluz\/","title":{"rendered":"FINDE EN LOMALUZ"},"content":{"rendered":"\n<p>Este viernes\u00a0los del\u00a0<strong>nivel 4<\/strong>\u00a0nos hemos ido a pasar medio finde a Lomaluz. Salimos dos furgos camino de Coria sobre las\u00a017.40h.\u00a0<strong>David Ll.\u00a0<\/strong>conduc\u00eda la furgo roja, con\u00a0<strong>Pablo A.<\/strong>\u00a0de DJ, y\u00a0<strong>Quique A.<\/strong>\u00a0la azul, d\u00f3nde la conversaci\u00f3n no par\u00f3, porque a falta de radio ten\u00edamos a<strong>\u00a0Alonso M.<\/strong>\u00a0<\/p>\n\n\n\n<p>Cuando llegamos jugamos un partidito de f\u00fatbol con porter\u00edas improvisadas. Algunos aprovecharon el tejado de la casa para ver el espectacular atardecer en el horizonte, las vistas incre\u00edbles, toda Sevilla a los pies de\u00a0<strong>Javier H.<\/strong>\u00a0Cuando el sol se puso echamos una horita de estudio antes de cenar.\u00a0<strong>Sergio M.<\/strong>\u00a0dej\u00f3 salir al Picasso que\u00a0lleva\u00a0dentro e hizo unos esquemas dignos de estar colgados en las paredes del Prado, &#8230;o del Reina Sof\u00eda.\u00a0 Mientras\u00a0<strong>Quique<\/strong>\u00a0y\u00a0<strong>Manu<\/strong>\u00a0prepararon las hamburguesas. En la cena cogimos la energ\u00eda gastada durante la semana para afrontar el s\u00e1bado que nos esperaba. Cuando recogimos entre todos la mesa nos pusimos a jugar una partida de lobos en la sala de estar.<strong>\u00a0Julio A<\/strong>. se convirti\u00f3 en el principal sospechoso.\u00a0<strong>Alejandro T.\u00a0<\/strong>era capaz de matar a los aldeanos mientras com\u00eda pipas y sin inmutarse. Para finalizar este gran d\u00eda\u00a0<strong>Alonso M.<\/strong>\u00a0cont\u00f3 historias de miedo en su cuarto, e incluso alguien les visit\u00f3 por la ventana&#8230;<\/p>\n\n\n\n<figure class=\"wp-block-image size-large\"><img loading=\"lazy\" decoding=\"async\" width=\"1024\" height=\"683\" src=\"https:\/\/viarnet.org\/wp-content\/uploads\/2022\/11\/Lomaluz-2-1024x683.jpg\" alt=\"\" class=\"wp-image-3069\" srcset=\"https:\/\/viarnet.org\/wp-content\/uploads\/2022\/11\/Lomaluz-2-1024x683.jpg 1024w, https:\/\/viarnet.org\/wp-content\/uploads\/2022\/11\/Lomaluz-2-300x200.jpg 300w, https:\/\/viarnet.org\/wp-content\/uploads\/2022\/11\/Lomaluz-2-768x512.jpg 768w, https:\/\/viarnet.org\/wp-content\/uploads\/2022\/11\/Lomaluz-2-1536x1024.jpg 1536w, https:\/\/viarnet.org\/wp-content\/uploads\/2022\/11\/Lomaluz-2-2048x1365.jpg 2048w, https:\/\/viarnet.org\/wp-content\/uploads\/2022\/11\/Lomaluz-2-272x182.jpg 272w\" sizes=\"auto, (max-width: 1024px) 100vw, 1024px\" \/><\/figure>\n\n\n\n<p>El s\u00e1bado nos despertamos a las\u00a09.00h. Bueno&#8230;, nos despertamos los que dormimos. Hicimos un ratito de oraci\u00f3n y desayunamos.\u00a0<strong>Antonio L.<\/strong>\u00a0y\u00a0<strong>Daniel M<\/strong>. a sones de\u00a0\u201cCoronaci\u00f3n de la Macarena\u201d, tarareada por \u00e9l,\u00a0 ayudaron a recogerlo todo y dejar la casa como nos la encontramos. Antes de partir hacia los Pinares de la Puebla echamos otra horita de estudio.<\/p>\n\n\n\n<figure class=\"wp-block-image size-large\"><img loading=\"lazy\" decoding=\"async\" width=\"1024\" height=\"683\" src=\"https:\/\/viarnet.org\/wp-content\/uploads\/2022\/11\/Lomaluz-5-1024x683.jpg\" alt=\"\" class=\"wp-image-3068\" srcset=\"https:\/\/viarnet.org\/wp-content\/uploads\/2022\/11\/Lomaluz-5-1024x683.jpg 1024w, https:\/\/viarnet.org\/wp-content\/uploads\/2022\/11\/Lomaluz-5-300x200.jpg 300w, https:\/\/viarnet.org\/wp-content\/uploads\/2022\/11\/Lomaluz-5-768x512.jpg 768w, https:\/\/viarnet.org\/wp-content\/uploads\/2022\/11\/Lomaluz-5-1536x1024.jpg 1536w, https:\/\/viarnet.org\/wp-content\/uploads\/2022\/11\/Lomaluz-5-2048x1365.jpg 2048w, https:\/\/viarnet.org\/wp-content\/uploads\/2022\/11\/Lomaluz-5-272x182.jpg 272w\" sizes=\"auto, (max-width: 1024px) 100vw, 1024px\" \/><\/figure>\n\n\n\n<p>Sobre las\u00a012.00h\u00a0nos fuimos en las furgos. Llegamos a los pinares y emprendimos nuestro camino campo a trav\u00e9s, nunca mejor dicho, porque lo de seguir caminos&#8230; a\u00a0<strong>David\u00a0Ll<\/strong>. &#8230; como que no, pero eso le vino bien a <strong>Antonio O.<\/strong> ya que se hab\u00eda hecho todos\u00a0los caminos en bicicleta. Durante el recorrido intentamos buscar tres caches, solo hubo suerte en el segundo en el que registramos a nuestro equipo de geocachings, ViaTeam. Pero bueno, a falta de caches buenos son troncos&#8230; Aprendimos la importancia del trabajo en equipo.<\/p>\n\n\n\n<figure class=\"wp-block-image size-large\"><img loading=\"lazy\" decoding=\"async\" width=\"1024\" height=\"683\" src=\"https:\/\/viarnet.org\/wp-content\/uploads\/2022\/11\/Lomaluz-3-1024x683.jpg\" alt=\"\" class=\"wp-image-3067\" srcset=\"https:\/\/viarnet.org\/wp-content\/uploads\/2022\/11\/Lomaluz-3-1024x683.jpg 1024w, https:\/\/viarnet.org\/wp-content\/uploads\/2022\/11\/Lomaluz-3-300x200.jpg 300w, https:\/\/viarnet.org\/wp-content\/uploads\/2022\/11\/Lomaluz-3-768x512.jpg 768w, https:\/\/viarnet.org\/wp-content\/uploads\/2022\/11\/Lomaluz-3-1536x1024.jpg 1536w, https:\/\/viarnet.org\/wp-content\/uploads\/2022\/11\/Lomaluz-3-2048x1365.jpg 2048w, https:\/\/viarnet.org\/wp-content\/uploads\/2022\/11\/Lomaluz-3-272x182.jpg 272w\" sizes=\"auto, (max-width: 1024px) 100vw, 1024px\" \/><\/figure>\n\n\n\n<p>A las&nbsp;14.00h&nbsp;comimos unos maravillosos bocatas de salchich\u00f3n y despu\u00e9s jugamos un&nbsp;\u201crat\u00f3n y un gato\u201d&nbsp;donde destacaron como gatos&nbsp;<strong>Javier C.<\/strong>&nbsp;y&nbsp;<strong>Javier H.<\/strong>&nbsp;El VAR sigue revisando una jugada de&nbsp;<strong>Nicol\u00e1s G.<\/strong>&nbsp;a la que no le encuentran explicaci\u00f3n.<\/p>\n\n\n\n<p>Una hora m\u00e1s tarde emprendimos nuestro camino de vuelta a Viar donde estudiamos la \u00faltima hora.&nbsp;<\/p>\n\n\n\n<p>Nos lo hemos pasado en grande y hemos aprendido que&#8230;<em>\u201cLos reyes francos eran malos gobernantes ya que ced\u00edan&nbsp;el poder a los mayordomos de palacio que eran altos funcionarios. Destac\u00f3 entre ellos Carlos Martel que en el a\u00f1o 732&#8230;\u201d<\/em><\/p>\n","protected":false},"excerpt":{"rendered":"<p>Este viernes\u00a0los del\u00a0nivel 4\u00a0nos hemos ido a pasar medio finde a Lomaluz. Salimos dos furgos camino de Coria sobre las\u00a017.40h.\u00a0David Ll.\u00a0conduc\u00eda la furgo roja, con\u00a0Pablo A.\u00a0de DJ, y\u00a0Quique A.\u00a0la azul, [&hellip;]<\/p>\n","protected":false},"author":1,"featured_media":3066,"comment_status":"closed","ping_status":"closed","sticky":false,"template":"","format":"standard","meta":{"ngg_post_thumbnail":0,"footnotes":""},"categories":[7],"tags":[],"class_list":{"0":"post-3064","1":"post","2":"type-post","3":"status-publish","4":"format-standard","5":"has-post-thumbnail","6":"hentry","7":"category-nv4","9":"post-with-thumbnail","10":"post-with-thumbnail-large"},"yoast_head":"<!-- This site is optimized with the Yoast SEO plugin v27.3 - https:\/\/yoast.com\/product\/yoast-seo-wordpress\/ -->\n<title>FINDE EN LOMALUZ | Club Familiar VIAR<\/title>\n<meta name=\"description\" content=\"Este viernes\u00a0los del\u00a0nivel 4\u00a0nos hemos ido a pasar medio finde a Lomaluz. Salimos dos furgos camino de Coria sobre las\u00a017.40h.\u00a0David Ll.\u00a0conduc\u00eda la furgo\" \/>\n<meta name=\"robots\" content=\"index, follow, max-snippet:-1, max-image-preview:large, max-video-preview:-1\" \/>\n<link rel=\"canonical\" href=\"https:\/\/viarnet.org\/index.php\/2022\/11\/07\/finde-en-lomaluz\/\" \/>\n<meta property=\"og:locale\" content=\"es_ES\" \/>\n<meta property=\"og:type\" content=\"article\" \/>\n<meta property=\"og:title\" content=\"FINDE EN LOMALUZ | Club Familiar VIAR\" \/>\n<meta property=\"og:description\" content=\"Este viernes\u00a0los del\u00a0nivel 4\u00a0nos hemos ido a pasar medio finde a Lomaluz. Salimos dos furgos camino de Coria sobre las\u00a017.40h.\u00a0David Ll.\u00a0conduc\u00eda la furgo\" \/>\n<meta property=\"og:url\" content=\"https:\/\/viarnet.org\/index.php\/2022\/11\/07\/finde-en-lomaluz\/\" \/>\n<meta property=\"og:site_name\" content=\"VIAR\" \/>\n<meta property=\"article:published_time\" content=\"2022-11-06T22:29:44+00:00\" \/>\n<meta property=\"article:modified_time\" content=\"2022-11-06T22:29:46+00:00\" \/>\n<meta property=\"og:image\" content=\"https:\/\/viarnet.org\/wp-content\/uploads\/2022\/11\/Lomaluz-1-scaled.jpg\" \/>\n\t<meta property=\"og:image:width\" content=\"2560\" \/>\n\t<meta property=\"og:image:height\" content=\"1707\" \/>\n\t<meta property=\"og:image:type\" content=\"image\/jpeg\" \/>\n<meta name=\"author\" content=\"admin\" \/>\n<meta name=\"twitter:card\" content=\"summary_large_image\" \/>\n<meta name=\"twitter:label1\" content=\"Escrito por\" \/>\n\t<meta name=\"twitter:data1\" content=\"admin\" \/>\n\t<meta name=\"twitter:label2\" content=\"Tiempo de lectura\" \/>\n\t<meta name=\"twitter:data2\" content=\"3 minutos\" \/>\n<script type=\"application\/ld+json\" class=\"yoast-schema-graph\">{\"@context\":\"https:\\\/\\\/schema.org\",\"@graph\":[{\"@type\":\"Article\",\"@id\":\"https:\\\/\\\/viarnet.org\\\/index.php\\\/2022\\\/11\\\/07\\\/finde-en-lomaluz\\\/#article\",\"isPartOf\":{\"@id\":\"https:\\\/\\\/viarnet.org\\\/index.php\\\/2022\\\/11\\\/07\\\/finde-en-lomaluz\\\/\"},\"author\":{\"name\":\"admin\",\"@id\":\"https:\\\/\\\/viarnet.org\\\/#\\\/schema\\\/person\\\/4dbaa0fb8a8cc8312de53dd9a614d9fa\"},\"headline\":\"FINDE EN LOMALUZ\",\"datePublished\":\"2022-11-06T22:29:44+00:00\",\"dateModified\":\"2022-11-06T22:29:46+00:00\",\"mainEntityOfPage\":{\"@id\":\"https:\\\/\\\/viarnet.org\\\/index.php\\\/2022\\\/11\\\/07\\\/finde-en-lomaluz\\\/\"},\"wordCount\":504,\"publisher\":{\"@id\":\"https:\\\/\\\/viarnet.org\\\/#organization\"},\"image\":{\"@id\":\"https:\\\/\\\/viarnet.org\\\/index.php\\\/2022\\\/11\\\/07\\\/finde-en-lomaluz\\\/#primaryimage\"},\"thumbnailUrl\":\"https:\\\/\\\/viarnet.org\\\/wp-content\\\/uploads\\\/2022\\\/11\\\/Lomaluz-1-scaled.jpg\",\"articleSection\":[\"Nivel 4\"],\"inLanguage\":\"es\"},{\"@type\":\"WebPage\",\"@id\":\"https:\\\/\\\/viarnet.org\\\/index.php\\\/2022\\\/11\\\/07\\\/finde-en-lomaluz\\\/\",\"url\":\"https:\\\/\\\/viarnet.org\\\/index.php\\\/2022\\\/11\\\/07\\\/finde-en-lomaluz\\\/\",\"name\":\"FINDE EN LOMALUZ | Club Familiar VIAR\",\"isPartOf\":{\"@id\":\"https:\\\/\\\/viarnet.org\\\/#website\"},\"primaryImageOfPage\":{\"@id\":\"https:\\\/\\\/viarnet.org\\\/index.php\\\/2022\\\/11\\\/07\\\/finde-en-lomaluz\\\/#primaryimage\"},\"image\":{\"@id\":\"https:\\\/\\\/viarnet.org\\\/index.php\\\/2022\\\/11\\\/07\\\/finde-en-lomaluz\\\/#primaryimage\"},\"thumbnailUrl\":\"https:\\\/\\\/viarnet.org\\\/wp-content\\\/uploads\\\/2022\\\/11\\\/Lomaluz-1-scaled.jpg\",\"datePublished\":\"2022-11-06T22:29:44+00:00\",\"dateModified\":\"2022-11-06T22:29:46+00:00\",\"description\":\"Este viernes\u00a0los del\u00a0nivel 4\u00a0nos hemos ido a pasar medio finde a Lomaluz. Salimos dos furgos camino de Coria sobre las\u00a017.40h.\u00a0David Ll.\u00a0conduc\u00eda la furgo\",\"breadcrumb\":{\"@id\":\"https:\\\/\\\/viarnet.org\\\/index.php\\\/2022\\\/11\\\/07\\\/finde-en-lomaluz\\\/#breadcrumb\"},\"inLanguage\":\"es\",\"potentialAction\":[{\"@type\":\"ReadAction\",\"target\":[\"https:\\\/\\\/viarnet.org\\\/index.php\\\/2022\\\/11\\\/07\\\/finde-en-lomaluz\\\/\"]}]},{\"@type\":\"ImageObject\",\"inLanguage\":\"es\",\"@id\":\"https:\\\/\\\/viarnet.org\\\/index.php\\\/2022\\\/11\\\/07\\\/finde-en-lomaluz\\\/#primaryimage\",\"url\":\"https:\\\/\\\/viarnet.org\\\/wp-content\\\/uploads\\\/2022\\\/11\\\/Lomaluz-1-scaled.jpg\",\"contentUrl\":\"https:\\\/\\\/viarnet.org\\\/wp-content\\\/uploads\\\/2022\\\/11\\\/Lomaluz-1-scaled.jpg\",\"width\":2560,\"height\":1707},{\"@type\":\"BreadcrumbList\",\"@id\":\"https:\\\/\\\/viarnet.org\\\/index.php\\\/2022\\\/11\\\/07\\\/finde-en-lomaluz\\\/#breadcrumb\",\"itemListElement\":[{\"@type\":\"ListItem\",\"position\":1,\"name\":\"Portada\",\"item\":\"https:\\\/\\\/viarnet.org\\\/\"},{\"@type\":\"ListItem\",\"position\":2,\"name\":\"FINDE EN LOMALUZ\"}]},{\"@type\":\"WebSite\",\"@id\":\"https:\\\/\\\/viarnet.org\\\/#website\",\"url\":\"https:\\\/\\\/viarnet.org\\\/\",\"name\":\"VIAR\",\"description\":\"Un centro educativo de car\u00e1cter extraescolar que atuda a las familias en la formaci\u00f3n de sus hijos\",\"publisher\":{\"@id\":\"https:\\\/\\\/viarnet.org\\\/#organization\"},\"potentialAction\":[{\"@type\":\"SearchAction\",\"target\":{\"@type\":\"EntryPoint\",\"urlTemplate\":\"https:\\\/\\\/viarnet.org\\\/?s={search_term_string}\"},\"query-input\":{\"@type\":\"PropertyValueSpecification\",\"valueRequired\":true,\"valueName\":\"search_term_string\"}}],\"inLanguage\":\"es\"},{\"@type\":\"Organization\",\"@id\":\"https:\\\/\\\/viarnet.org\\\/#organization\",\"name\":\"VIAR\",\"url\":\"https:\\\/\\\/viarnet.org\\\/\",\"logo\":{\"@type\":\"ImageObject\",\"inLanguage\":\"es\",\"@id\":\"https:\\\/\\\/viarnet.org\\\/#\\\/schema\\\/logo\\\/image\\\/\",\"url\":\"https:\\\/\\\/viarnet.org\\\/wp-content\\\/uploads\\\/2023\\\/09\\\/LOGO-VIAR-2024.png\",\"contentUrl\":\"https:\\\/\\\/viarnet.org\\\/wp-content\\\/uploads\\\/2023\\\/09\\\/LOGO-VIAR-2024.png\",\"width\":1976,\"height\":1976,\"caption\":\"VIAR\"},\"image\":{\"@id\":\"https:\\\/\\\/viarnet.org\\\/#\\\/schema\\\/logo\\\/image\\\/\"}},{\"@type\":\"Person\",\"@id\":\"https:\\\/\\\/viarnet.org\\\/#\\\/schema\\\/person\\\/4dbaa0fb8a8cc8312de53dd9a614d9fa\",\"name\":\"admin\",\"url\":\"https:\\\/\\\/viarnet.org\\\/index.php\\\/author\\\/wp_viar\\\/\"}]}<\/script>\n<!-- \/ Yoast SEO plugin. -->","yoast_head_json":{"title":"FINDE EN LOMALUZ | Club Familiar VIAR","description":"Este viernes\u00a0los del\u00a0nivel 4\u00a0nos hemos ido a pasar medio finde a Lomaluz. Salimos dos furgos camino de Coria sobre las\u00a017.40h.\u00a0David Ll.\u00a0conduc\u00eda la furgo","robots":{"index":"index","follow":"follow","max-snippet":"max-snippet:-1","max-image-preview":"max-image-preview:large","max-video-preview":"max-video-preview:-1"},"canonical":"https:\/\/viarnet.org\/index.php\/2022\/11\/07\/finde-en-lomaluz\/","og_locale":"es_ES","og_type":"article","og_title":"FINDE EN LOMALUZ | Club Familiar VIAR","og_description":"Este viernes\u00a0los del\u00a0nivel 4\u00a0nos hemos ido a pasar medio finde a Lomaluz. Salimos dos furgos camino de Coria sobre las\u00a017.40h.\u00a0David Ll.\u00a0conduc\u00eda la furgo","og_url":"https:\/\/viarnet.org\/index.php\/2022\/11\/07\/finde-en-lomaluz\/","og_site_name":"VIAR","article_published_time":"2022-11-06T22:29:44+00:00","article_modified_time":"2022-11-06T22:29:46+00:00","og_image":[{"width":2560,"height":1707,"url":"https:\/\/viarnet.org\/wp-content\/uploads\/2022\/11\/Lomaluz-1-scaled.jpg","type":"image\/jpeg"}],"author":"admin","twitter_card":"summary_large_image","twitter_misc":{"Escrito por":"admin","Tiempo de lectura":"3 minutos"},"schema":{"@context":"https:\/\/schema.org","@graph":[{"@type":"Article","@id":"https:\/\/viarnet.org\/index.php\/2022\/11\/07\/finde-en-lomaluz\/#article","isPartOf":{"@id":"https:\/\/viarnet.org\/index.php\/2022\/11\/07\/finde-en-lomaluz\/"},"author":{"name":"admin","@id":"https:\/\/viarnet.org\/#\/schema\/person\/4dbaa0fb8a8cc8312de53dd9a614d9fa"},"headline":"FINDE EN LOMALUZ","datePublished":"2022-11-06T22:29:44+00:00","dateModified":"2022-11-06T22:29:46+00:00","mainEntityOfPage":{"@id":"https:\/\/viarnet.org\/index.php\/2022\/11\/07\/finde-en-lomaluz\/"},"wordCount":504,"publisher":{"@id":"https:\/\/viarnet.org\/#organization"},"image":{"@id":"https:\/\/viarnet.org\/index.php\/2022\/11\/07\/finde-en-lomaluz\/#primaryimage"},"thumbnailUrl":"https:\/\/viarnet.org\/wp-content\/uploads\/2022\/11\/Lomaluz-1-scaled.jpg","articleSection":["Nivel 4"],"inLanguage":"es"},{"@type":"WebPage","@id":"https:\/\/viarnet.org\/index.php\/2022\/11\/07\/finde-en-lomaluz\/","url":"https:\/\/viarnet.org\/index.php\/2022\/11\/07\/finde-en-lomaluz\/","name":"FINDE EN LOMALUZ | Club Familiar VIAR","isPartOf":{"@id":"https:\/\/viarnet.org\/#website"},"primaryImageOfPage":{"@id":"https:\/\/viarnet.org\/index.php\/2022\/11\/07\/finde-en-lomaluz\/#primaryimage"},"image":{"@id":"https:\/\/viarnet.org\/index.php\/2022\/11\/07\/finde-en-lomaluz\/#primaryimage"},"thumbnailUrl":"https:\/\/viarnet.org\/wp-content\/uploads\/2022\/11\/Lomaluz-1-scaled.jpg","datePublished":"2022-11-06T22:29:44+00:00","dateModified":"2022-11-06T22:29:46+00:00","description":"Este viernes\u00a0los del\u00a0nivel 4\u00a0nos hemos ido a pasar medio finde a Lomaluz. Salimos dos furgos camino de Coria sobre las\u00a017.40h.\u00a0David Ll.\u00a0conduc\u00eda la furgo","breadcrumb":{"@id":"https:\/\/viarnet.org\/index.php\/2022\/11\/07\/finde-en-lomaluz\/#breadcrumb"},"inLanguage":"es","potentialAction":[{"@type":"ReadAction","target":["https:\/\/viarnet.org\/index.php\/2022\/11\/07\/finde-en-lomaluz\/"]}]},{"@type":"ImageObject","inLanguage":"es","@id":"https:\/\/viarnet.org\/index.php\/2022\/11\/07\/finde-en-lomaluz\/#primaryimage","url":"https:\/\/viarnet.org\/wp-content\/uploads\/2022\/11\/Lomaluz-1-scaled.jpg","contentUrl":"https:\/\/viarnet.org\/wp-content\/uploads\/2022\/11\/Lomaluz-1-scaled.jpg","width":2560,"height":1707},{"@type":"BreadcrumbList","@id":"https:\/\/viarnet.org\/index.php\/2022\/11\/07\/finde-en-lomaluz\/#breadcrumb","itemListElement":[{"@type":"ListItem","position":1,"name":"Portada","item":"https:\/\/viarnet.org\/"},{"@type":"ListItem","position":2,"name":"FINDE EN LOMALUZ"}]},{"@type":"WebSite","@id":"https:\/\/viarnet.org\/#website","url":"https:\/\/viarnet.org\/","name":"VIAR","description":"Un centro educativo de car\u00e1cter extraescolar que atuda a las familias en la formaci\u00f3n de sus hijos","publisher":{"@id":"https:\/\/viarnet.org\/#organization"},"potentialAction":[{"@type":"SearchAction","target":{"@type":"EntryPoint","urlTemplate":"https:\/\/viarnet.org\/?s={search_term_string}"},"query-input":{"@type":"PropertyValueSpecification","valueRequired":true,"valueName":"search_term_string"}}],"inLanguage":"es"},{"@type":"Organization","@id":"https:\/\/viarnet.org\/#organization","name":"VIAR","url":"https:\/\/viarnet.org\/","logo":{"@type":"ImageObject","inLanguage":"es","@id":"https:\/\/viarnet.org\/#\/schema\/logo\/image\/","url":"https:\/\/viarnet.org\/wp-content\/uploads\/2023\/09\/LOGO-VIAR-2024.png","contentUrl":"https:\/\/viarnet.org\/wp-content\/uploads\/2023\/09\/LOGO-VIAR-2024.png","width":1976,"height":1976,"caption":"VIAR"},"image":{"@id":"https:\/\/viarnet.org\/#\/schema\/logo\/image\/"}},{"@type":"Person","@id":"https:\/\/viarnet.org\/#\/schema\/person\/4dbaa0fb8a8cc8312de53dd9a614d9fa","name":"admin","url":"https:\/\/viarnet.org\/index.php\/author\/wp_viar\/"}]}},"_links":{"self":[{"href":"https:\/\/viarnet.org\/index.php\/wp-json\/wp\/v2\/posts\/3064","targetHints":{"allow":["GET"]}}],"collection":[{"href":"https:\/\/viarnet.org\/index.php\/wp-json\/wp\/v2\/posts"}],"about":[{"href":"https:\/\/viarnet.org\/index.php\/wp-json\/wp\/v2\/types\/post"}],"author":[{"embeddable":true,"href":"https:\/\/viarnet.org\/index.php\/wp-json\/wp\/v2\/users\/1"}],"replies":[{"embeddable":true,"href":"https:\/\/viarnet.org\/index.php\/wp-json\/wp\/v2\/comments?post=3064"}],"version-history":[{"count":0,"href":"https:\/\/viarnet.org\/index.php\/wp-json\/wp\/v2\/posts\/3064\/revisions"}],"wp:featuredmedia":[{"embeddable":true,"href":"https:\/\/viarnet.org\/index.php\/wp-json\/wp\/v2\/media\/3066"}],"wp:attachment":[{"href":"https:\/\/viarnet.org\/index.php\/wp-json\/wp\/v2\/media?parent=3064"}],"wp:term":[{"taxonomy":"category","embeddable":true,"href":"https:\/\/viarnet.org\/index.php\/wp-json\/wp\/v2\/categories?post=3064"},{"taxonomy":"post_tag","embeddable":true,"href":"https:\/\/viarnet.org\/index.php\/wp-json\/wp\/v2\/tags?post=3064"}],"curies":[{"name":"wp","href":"https:\/\/api.w.org\/{rel}","templated":true}]}}