{"id":3039,"date":"2022-11-06T20:12:13","date_gmt":"2022-11-06T18:12:13","guid":{"rendered":"https:\/\/viarnet.org\/?p=3039"},"modified":"2022-11-06T20:12:59","modified_gmt":"2022-11-06T18:12:59","slug":"en-el-parque","status":"publish","type":"post","link":"https:\/\/viarnet.org\/index.php\/2022\/11\/06\/en-el-parque\/","title":{"rendered":"EN EL PARQUE"},"content":{"rendered":"\n<p>Este s\u00e1bado tocaba plan cultural para los niveles 1 y 2: visita al Parque de Mar\u00eda Luisa.<\/p>\n\n\n\n<p>A las 11:30 salimos del club direcci\u00f3n a la estaci\u00f3n de metro. Para algunos era la primera vez que acced\u00edan a este medio de transporte, as\u00ed que tuvieron que aprender a manejar la tarjeta en las puertas autom\u00e1ticas.<\/p>\n\n\n\n<figure class=\"wp-block-image size-large\"><img loading=\"lazy\" decoding=\"async\" width=\"1024\" height=\"768\" src=\"https:\/\/viarnet.org\/wp-content\/uploads\/2022\/11\/Parque-2-1024x768.jpeg\" alt=\"\" class=\"wp-image-3041\" srcset=\"https:\/\/viarnet.org\/wp-content\/uploads\/2022\/11\/Parque-2-1024x768.jpeg 1024w, https:\/\/viarnet.org\/wp-content\/uploads\/2022\/11\/Parque-2-300x225.jpeg 300w, https:\/\/viarnet.org\/wp-content\/uploads\/2022\/11\/Parque-2-768x576.jpeg 768w, https:\/\/viarnet.org\/wp-content\/uploads\/2022\/11\/Parque-2-1536x1152.jpeg 1536w, https:\/\/viarnet.org\/wp-content\/uploads\/2022\/11\/Parque-2.jpeg 2048w\" sizes=\"auto, (max-width: 1024px) 100vw, 1024px\" \/><\/figure>\n\n\n\n<p>El primer hito del plan consist\u00eda en visitar el Museo Militar. L\u00e1stima que no pudimos acceder porque el aforo estaba completo. Pero no fue problema, dimos paso r\u00e1pidamente al siguiente objetivo: visitar la Plaza de Espa\u00f1a. Desde una de las terrazas disfrutamos de una magn\u00edfica panor\u00e1mica y de la animaci\u00f3n de la plaza, llena de turistas.<\/p>\n\n\n\n<p>Tambi\u00e9n descubrimos algunas sorpresas que esconde la plaza: la provincia espa\u00f1ola que falta, la que est\u00e1 fuera del orden ortogr\u00e1fico&#8230;<\/p>\n\n\n\n<figure class=\"wp-block-image size-large\"><img loading=\"lazy\" decoding=\"async\" width=\"1024\" height=\"768\" src=\"https:\/\/viarnet.org\/wp-content\/uploads\/2022\/11\/Parque-3-1024x768.jpeg\" alt=\"\" class=\"wp-image-3042\" srcset=\"https:\/\/viarnet.org\/wp-content\/uploads\/2022\/11\/Parque-3-1024x768.jpeg 1024w, https:\/\/viarnet.org\/wp-content\/uploads\/2022\/11\/Parque-3-300x225.jpeg 300w, https:\/\/viarnet.org\/wp-content\/uploads\/2022\/11\/Parque-3-768x576.jpeg 768w, https:\/\/viarnet.org\/wp-content\/uploads\/2022\/11\/Parque-3-1536x1152.jpeg 1536w, https:\/\/viarnet.org\/wp-content\/uploads\/2022\/11\/Parque-3.jpeg 2048w\" sizes=\"auto, (max-width: 1024px) 100vw, 1024px\" \/><\/figure>\n\n\n\n<p>Despu\u00e9s de comer y echar un \u00abgato y rat\u00f3n\u00bb con el bal\u00f3n de f\u00fatbol, lleg\u00f3 la hora de la aventura: escalar el monte Gurug\u00fa. Y casi todos se lo tomaron al pie de la letra, desafiando al v\u00e9rtigo y trepando a lo largo de la cascada.<\/p>\n\n\n\n<figure class=\"wp-block-image size-large\"><img loading=\"lazy\" decoding=\"async\" width=\"768\" height=\"1024\" src=\"https:\/\/viarnet.org\/wp-content\/uploads\/2022\/11\/Parque-6-768x1024.jpeg\" alt=\"\" class=\"wp-image-3043\" srcset=\"https:\/\/viarnet.org\/wp-content\/uploads\/2022\/11\/Parque-6-768x1024.jpeg 768w, https:\/\/viarnet.org\/wp-content\/uploads\/2022\/11\/Parque-6-225x300.jpeg 225w, https:\/\/viarnet.org\/wp-content\/uploads\/2022\/11\/Parque-6-1152x1536.jpeg 1152w, https:\/\/viarnet.org\/wp-content\/uploads\/2022\/11\/Parque-6.jpeg 1536w\" sizes=\"auto, (max-width: 768px) 100vw, 768px\" \/><\/figure>\n\n\n\n<figure class=\"wp-block-image size-large\"><img loading=\"lazy\" decoding=\"async\" width=\"768\" height=\"1024\" src=\"https:\/\/viarnet.org\/wp-content\/uploads\/2022\/11\/Parque-7-768x1024.jpeg\" alt=\"\" class=\"wp-image-3044\" srcset=\"https:\/\/viarnet.org\/wp-content\/uploads\/2022\/11\/Parque-7-768x1024.jpeg 768w, https:\/\/viarnet.org\/wp-content\/uploads\/2022\/11\/Parque-7-225x300.jpeg 225w, https:\/\/viarnet.org\/wp-content\/uploads\/2022\/11\/Parque-7-1152x1536.jpeg 1152w, https:\/\/viarnet.org\/wp-content\/uploads\/2022\/11\/Parque-7.jpeg 1536w\" sizes=\"auto, (max-width: 768px) 100vw, 768px\" \/><\/figure>\n\n\n\n<p>Por \u00faltimo, antes de iniciar el regreso, nos detuvimos en unos columpios. \u00a1Es que son como ni\u00f1os!<\/p>\n\n\n\n<figure class=\"wp-block-image size-large\"><img loading=\"lazy\" decoding=\"async\" width=\"1024\" height=\"768\" src=\"https:\/\/viarnet.org\/wp-content\/uploads\/2022\/11\/Parque-8-1024x768.jpeg\" alt=\"\" class=\"wp-image-3045\" srcset=\"https:\/\/viarnet.org\/wp-content\/uploads\/2022\/11\/Parque-8-1024x768.jpeg 1024w, https:\/\/viarnet.org\/wp-content\/uploads\/2022\/11\/Parque-8-300x225.jpeg 300w, https:\/\/viarnet.org\/wp-content\/uploads\/2022\/11\/Parque-8-768x576.jpeg 768w, https:\/\/viarnet.org\/wp-content\/uploads\/2022\/11\/Parque-8-1536x1152.jpeg 1536w, https:\/\/viarnet.org\/wp-content\/uploads\/2022\/11\/Parque-8.jpeg 2048w\" sizes=\"auto, (max-width: 1024px) 100vw, 1024px\" \/><\/figure>\n\n\n\n<figure class=\"wp-block-image size-large\"><img loading=\"lazy\" decoding=\"async\" width=\"1024\" height=\"768\" src=\"https:\/\/viarnet.org\/wp-content\/uploads\/2022\/11\/Parque-9-1024x768.jpeg\" alt=\"\" class=\"wp-image-3046\" srcset=\"https:\/\/viarnet.org\/wp-content\/uploads\/2022\/11\/Parque-9-1024x768.jpeg 1024w, https:\/\/viarnet.org\/wp-content\/uploads\/2022\/11\/Parque-9-300x225.jpeg 300w, https:\/\/viarnet.org\/wp-content\/uploads\/2022\/11\/Parque-9-768x576.jpeg 768w, https:\/\/viarnet.org\/wp-content\/uploads\/2022\/11\/Parque-9-1536x1152.jpeg 1536w, https:\/\/viarnet.org\/wp-content\/uploads\/2022\/11\/Parque-9.jpeg 2048w\" sizes=\"auto, (max-width: 1024px) 100vw, 1024px\" \/><\/figure>\n\n\n\n<figure class=\"wp-block-image size-large\"><img loading=\"lazy\" decoding=\"async\" width=\"768\" height=\"1024\" src=\"https:\/\/viarnet.org\/wp-content\/uploads\/2022\/11\/Parque-10-768x1024.jpeg\" alt=\"\" class=\"wp-image-3047\" srcset=\"https:\/\/viarnet.org\/wp-content\/uploads\/2022\/11\/Parque-10-768x1024.jpeg 768w, https:\/\/viarnet.org\/wp-content\/uploads\/2022\/11\/Parque-10-225x300.jpeg 225w, https:\/\/viarnet.org\/wp-content\/uploads\/2022\/11\/Parque-10-1152x1536.jpeg 1152w, https:\/\/viarnet.org\/wp-content\/uploads\/2022\/11\/Parque-10.jpeg 1536w\" sizes=\"auto, (max-width: 768px) 100vw, 768px\" \/><\/figure>\n","protected":false},"excerpt":{"rendered":"<p>Este s\u00e1bado tocaba plan cultural para los niveles 1 y 2: visita al Parque de Mar\u00eda Luisa. A las 11:30 salimos del club direcci\u00f3n a la estaci\u00f3n de metro. Para [&hellip;]<\/p>\n","protected":false},"author":1,"featured_media":3040,"comment_status":"closed","ping_status":"closed","sticky":false,"template":"","format":"standard","meta":{"ngg_post_thumbnail":0,"footnotes":""},"categories":[4,5],"tags":[],"class_list":{"0":"post-3039","1":"post","2":"type-post","3":"status-publish","4":"format-standard","5":"has-post-thumbnail","6":"hentry","7":"category-nv1","8":"category-nv2","10":"post-with-thumbnail","11":"post-with-thumbnail-large"},"yoast_head":"<!-- This site is optimized with the Yoast SEO plugin v27.3 - https:\/\/yoast.com\/product\/yoast-seo-wordpress\/ -->\n<title>EN EL PARQUE | Club Familiar VIAR<\/title>\n<meta name=\"description\" content=\"Este s\u00e1bado tocaba plan cultural para los niveles 1 y 2: visita al Parque de Mar\u00eda Luisa. A las 11:30 salimos del club direcci\u00f3n a la estaci\u00f3n de metro.\" \/>\n<meta name=\"robots\" content=\"index, follow, max-snippet:-1, max-image-preview:large, max-video-preview:-1\" \/>\n<link rel=\"canonical\" href=\"https:\/\/viarnet.org\/index.php\/2022\/11\/06\/en-el-parque\/\" \/>\n<meta property=\"og:locale\" content=\"es_ES\" \/>\n<meta property=\"og:type\" content=\"article\" \/>\n<meta property=\"og:title\" content=\"EN EL PARQUE | Club Familiar VIAR\" \/>\n<meta property=\"og:description\" content=\"Este s\u00e1bado tocaba plan cultural para los niveles 1 y 2: visita al Parque de Mar\u00eda Luisa. A las 11:30 salimos del club direcci\u00f3n a la estaci\u00f3n de metro.\" \/>\n<meta property=\"og:url\" content=\"https:\/\/viarnet.org\/index.php\/2022\/11\/06\/en-el-parque\/\" \/>\n<meta property=\"og:site_name\" content=\"VIAR\" \/>\n<meta property=\"article:published_time\" content=\"2022-11-06T18:12:13+00:00\" \/>\n<meta property=\"article:modified_time\" content=\"2022-11-06T18:12:59+00:00\" \/>\n<meta property=\"og:image\" content=\"https:\/\/viarnet.org\/wp-content\/uploads\/2022\/11\/Parque-4.jpeg\" \/>\n\t<meta property=\"og:image:width\" content=\"2048\" \/>\n\t<meta property=\"og:image:height\" content=\"1536\" \/>\n\t<meta property=\"og:image:type\" content=\"image\/jpeg\" \/>\n<meta name=\"author\" content=\"admin\" \/>\n<meta name=\"twitter:card\" content=\"summary_large_image\" \/>\n<meta name=\"twitter:label1\" content=\"Escrito por\" \/>\n\t<meta name=\"twitter:data1\" content=\"admin\" \/>\n\t<meta name=\"twitter:label2\" content=\"Tiempo de lectura\" \/>\n\t<meta name=\"twitter:data2\" content=\"3 minutos\" \/>\n<script type=\"application\/ld+json\" class=\"yoast-schema-graph\">{\"@context\":\"https:\\\/\\\/schema.org\",\"@graph\":[{\"@type\":\"Article\",\"@id\":\"https:\\\/\\\/viarnet.org\\\/index.php\\\/2022\\\/11\\\/06\\\/en-el-parque\\\/#article\",\"isPartOf\":{\"@id\":\"https:\\\/\\\/viarnet.org\\\/index.php\\\/2022\\\/11\\\/06\\\/en-el-parque\\\/\"},\"author\":{\"name\":\"admin\",\"@id\":\"https:\\\/\\\/viarnet.org\\\/#\\\/schema\\\/person\\\/4dbaa0fb8a8cc8312de53dd9a614d9fa\"},\"headline\":\"EN EL PARQUE\",\"datePublished\":\"2022-11-06T18:12:13+00:00\",\"dateModified\":\"2022-11-06T18:12:59+00:00\",\"mainEntityOfPage\":{\"@id\":\"https:\\\/\\\/viarnet.org\\\/index.php\\\/2022\\\/11\\\/06\\\/en-el-parque\\\/\"},\"wordCount\":216,\"publisher\":{\"@id\":\"https:\\\/\\\/viarnet.org\\\/#organization\"},\"image\":{\"@id\":\"https:\\\/\\\/viarnet.org\\\/index.php\\\/2022\\\/11\\\/06\\\/en-el-parque\\\/#primaryimage\"},\"thumbnailUrl\":\"https:\\\/\\\/viarnet.org\\\/wp-content\\\/uploads\\\/2022\\\/11\\\/Parque-4.jpeg\",\"articleSection\":[\"Nivel 1\",\"Nivel 2\"],\"inLanguage\":\"es\"},{\"@type\":\"WebPage\",\"@id\":\"https:\\\/\\\/viarnet.org\\\/index.php\\\/2022\\\/11\\\/06\\\/en-el-parque\\\/\",\"url\":\"https:\\\/\\\/viarnet.org\\\/index.php\\\/2022\\\/11\\\/06\\\/en-el-parque\\\/\",\"name\":\"EN EL PARQUE | Club Familiar VIAR\",\"isPartOf\":{\"@id\":\"https:\\\/\\\/viarnet.org\\\/#website\"},\"primaryImageOfPage\":{\"@id\":\"https:\\\/\\\/viarnet.org\\\/index.php\\\/2022\\\/11\\\/06\\\/en-el-parque\\\/#primaryimage\"},\"image\":{\"@id\":\"https:\\\/\\\/viarnet.org\\\/index.php\\\/2022\\\/11\\\/06\\\/en-el-parque\\\/#primaryimage\"},\"thumbnailUrl\":\"https:\\\/\\\/viarnet.org\\\/wp-content\\\/uploads\\\/2022\\\/11\\\/Parque-4.jpeg\",\"datePublished\":\"2022-11-06T18:12:13+00:00\",\"dateModified\":\"2022-11-06T18:12:59+00:00\",\"description\":\"Este s\u00e1bado tocaba plan cultural para los niveles 1 y 2: visita al Parque de Mar\u00eda Luisa. A las 11:30 salimos del club direcci\u00f3n a la estaci\u00f3n de metro.\",\"breadcrumb\":{\"@id\":\"https:\\\/\\\/viarnet.org\\\/index.php\\\/2022\\\/11\\\/06\\\/en-el-parque\\\/#breadcrumb\"},\"inLanguage\":\"es\",\"potentialAction\":[{\"@type\":\"ReadAction\",\"target\":[\"https:\\\/\\\/viarnet.org\\\/index.php\\\/2022\\\/11\\\/06\\\/en-el-parque\\\/\"]}]},{\"@type\":\"ImageObject\",\"inLanguage\":\"es\",\"@id\":\"https:\\\/\\\/viarnet.org\\\/index.php\\\/2022\\\/11\\\/06\\\/en-el-parque\\\/#primaryimage\",\"url\":\"https:\\\/\\\/viarnet.org\\\/wp-content\\\/uploads\\\/2022\\\/11\\\/Parque-4.jpeg\",\"contentUrl\":\"https:\\\/\\\/viarnet.org\\\/wp-content\\\/uploads\\\/2022\\\/11\\\/Parque-4.jpeg\",\"width\":2048,\"height\":1536},{\"@type\":\"BreadcrumbList\",\"@id\":\"https:\\\/\\\/viarnet.org\\\/index.php\\\/2022\\\/11\\\/06\\\/en-el-parque\\\/#breadcrumb\",\"itemListElement\":[{\"@type\":\"ListItem\",\"position\":1,\"name\":\"Portada\",\"item\":\"https:\\\/\\\/viarnet.org\\\/\"},{\"@type\":\"ListItem\",\"position\":2,\"name\":\"EN EL PARQUE\"}]},{\"@type\":\"WebSite\",\"@id\":\"https:\\\/\\\/viarnet.org\\\/#website\",\"url\":\"https:\\\/\\\/viarnet.org\\\/\",\"name\":\"VIAR\",\"description\":\"Un centro educativo de car\u00e1cter extraescolar que atuda a las familias en la formaci\u00f3n de sus hijos\",\"publisher\":{\"@id\":\"https:\\\/\\\/viarnet.org\\\/#organization\"},\"potentialAction\":[{\"@type\":\"SearchAction\",\"target\":{\"@type\":\"EntryPoint\",\"urlTemplate\":\"https:\\\/\\\/viarnet.org\\\/?s={search_term_string}\"},\"query-input\":{\"@type\":\"PropertyValueSpecification\",\"valueRequired\":true,\"valueName\":\"search_term_string\"}}],\"inLanguage\":\"es\"},{\"@type\":\"Organization\",\"@id\":\"https:\\\/\\\/viarnet.org\\\/#organization\",\"name\":\"VIAR\",\"url\":\"https:\\\/\\\/viarnet.org\\\/\",\"logo\":{\"@type\":\"ImageObject\",\"inLanguage\":\"es\",\"@id\":\"https:\\\/\\\/viarnet.org\\\/#\\\/schema\\\/logo\\\/image\\\/\",\"url\":\"https:\\\/\\\/viarnet.org\\\/wp-content\\\/uploads\\\/2023\\\/09\\\/LOGO-VIAR-2024.png\",\"contentUrl\":\"https:\\\/\\\/viarnet.org\\\/wp-content\\\/uploads\\\/2023\\\/09\\\/LOGO-VIAR-2024.png\",\"width\":1976,\"height\":1976,\"caption\":\"VIAR\"},\"image\":{\"@id\":\"https:\\\/\\\/viarnet.org\\\/#\\\/schema\\\/logo\\\/image\\\/\"}},{\"@type\":\"Person\",\"@id\":\"https:\\\/\\\/viarnet.org\\\/#\\\/schema\\\/person\\\/4dbaa0fb8a8cc8312de53dd9a614d9fa\",\"name\":\"admin\",\"url\":\"https:\\\/\\\/viarnet.org\\\/index.php\\\/author\\\/wp_viar\\\/\"}]}<\/script>\n<!-- \/ Yoast SEO plugin. -->","yoast_head_json":{"title":"EN EL PARQUE | Club Familiar VIAR","description":"Este s\u00e1bado tocaba plan cultural para los niveles 1 y 2: visita al Parque de Mar\u00eda Luisa. A las 11:30 salimos del club direcci\u00f3n a la estaci\u00f3n de metro.","robots":{"index":"index","follow":"follow","max-snippet":"max-snippet:-1","max-image-preview":"max-image-preview:large","max-video-preview":"max-video-preview:-1"},"canonical":"https:\/\/viarnet.org\/index.php\/2022\/11\/06\/en-el-parque\/","og_locale":"es_ES","og_type":"article","og_title":"EN EL PARQUE | Club Familiar VIAR","og_description":"Este s\u00e1bado tocaba plan cultural para los niveles 1 y 2: visita al Parque de Mar\u00eda Luisa. A las 11:30 salimos del club direcci\u00f3n a la estaci\u00f3n de metro.","og_url":"https:\/\/viarnet.org\/index.php\/2022\/11\/06\/en-el-parque\/","og_site_name":"VIAR","article_published_time":"2022-11-06T18:12:13+00:00","article_modified_time":"2022-11-06T18:12:59+00:00","og_image":[{"width":2048,"height":1536,"url":"https:\/\/viarnet.org\/wp-content\/uploads\/2022\/11\/Parque-4.jpeg","type":"image\/jpeg"}],"author":"admin","twitter_card":"summary_large_image","twitter_misc":{"Escrito por":"admin","Tiempo de lectura":"3 minutos"},"schema":{"@context":"https:\/\/schema.org","@graph":[{"@type":"Article","@id":"https:\/\/viarnet.org\/index.php\/2022\/11\/06\/en-el-parque\/#article","isPartOf":{"@id":"https:\/\/viarnet.org\/index.php\/2022\/11\/06\/en-el-parque\/"},"author":{"name":"admin","@id":"https:\/\/viarnet.org\/#\/schema\/person\/4dbaa0fb8a8cc8312de53dd9a614d9fa"},"headline":"EN EL PARQUE","datePublished":"2022-11-06T18:12:13+00:00","dateModified":"2022-11-06T18:12:59+00:00","mainEntityOfPage":{"@id":"https:\/\/viarnet.org\/index.php\/2022\/11\/06\/en-el-parque\/"},"wordCount":216,"publisher":{"@id":"https:\/\/viarnet.org\/#organization"},"image":{"@id":"https:\/\/viarnet.org\/index.php\/2022\/11\/06\/en-el-parque\/#primaryimage"},"thumbnailUrl":"https:\/\/viarnet.org\/wp-content\/uploads\/2022\/11\/Parque-4.jpeg","articleSection":["Nivel 1","Nivel 2"],"inLanguage":"es"},{"@type":"WebPage","@id":"https:\/\/viarnet.org\/index.php\/2022\/11\/06\/en-el-parque\/","url":"https:\/\/viarnet.org\/index.php\/2022\/11\/06\/en-el-parque\/","name":"EN EL PARQUE | Club Familiar VIAR","isPartOf":{"@id":"https:\/\/viarnet.org\/#website"},"primaryImageOfPage":{"@id":"https:\/\/viarnet.org\/index.php\/2022\/11\/06\/en-el-parque\/#primaryimage"},"image":{"@id":"https:\/\/viarnet.org\/index.php\/2022\/11\/06\/en-el-parque\/#primaryimage"},"thumbnailUrl":"https:\/\/viarnet.org\/wp-content\/uploads\/2022\/11\/Parque-4.jpeg","datePublished":"2022-11-06T18:12:13+00:00","dateModified":"2022-11-06T18:12:59+00:00","description":"Este s\u00e1bado tocaba plan cultural para los niveles 1 y 2: visita al Parque de Mar\u00eda Luisa. A las 11:30 salimos del club direcci\u00f3n a la estaci\u00f3n de metro.","breadcrumb":{"@id":"https:\/\/viarnet.org\/index.php\/2022\/11\/06\/en-el-parque\/#breadcrumb"},"inLanguage":"es","potentialAction":[{"@type":"ReadAction","target":["https:\/\/viarnet.org\/index.php\/2022\/11\/06\/en-el-parque\/"]}]},{"@type":"ImageObject","inLanguage":"es","@id":"https:\/\/viarnet.org\/index.php\/2022\/11\/06\/en-el-parque\/#primaryimage","url":"https:\/\/viarnet.org\/wp-content\/uploads\/2022\/11\/Parque-4.jpeg","contentUrl":"https:\/\/viarnet.org\/wp-content\/uploads\/2022\/11\/Parque-4.jpeg","width":2048,"height":1536},{"@type":"BreadcrumbList","@id":"https:\/\/viarnet.org\/index.php\/2022\/11\/06\/en-el-parque\/#breadcrumb","itemListElement":[{"@type":"ListItem","position":1,"name":"Portada","item":"https:\/\/viarnet.org\/"},{"@type":"ListItem","position":2,"name":"EN EL PARQUE"}]},{"@type":"WebSite","@id":"https:\/\/viarnet.org\/#website","url":"https:\/\/viarnet.org\/","name":"VIAR","description":"Un centro educativo de car\u00e1cter extraescolar que atuda a las familias en la formaci\u00f3n de sus hijos","publisher":{"@id":"https:\/\/viarnet.org\/#organization"},"potentialAction":[{"@type":"SearchAction","target":{"@type":"EntryPoint","urlTemplate":"https:\/\/viarnet.org\/?s={search_term_string}"},"query-input":{"@type":"PropertyValueSpecification","valueRequired":true,"valueName":"search_term_string"}}],"inLanguage":"es"},{"@type":"Organization","@id":"https:\/\/viarnet.org\/#organization","name":"VIAR","url":"https:\/\/viarnet.org\/","logo":{"@type":"ImageObject","inLanguage":"es","@id":"https:\/\/viarnet.org\/#\/schema\/logo\/image\/","url":"https:\/\/viarnet.org\/wp-content\/uploads\/2023\/09\/LOGO-VIAR-2024.png","contentUrl":"https:\/\/viarnet.org\/wp-content\/uploads\/2023\/09\/LOGO-VIAR-2024.png","width":1976,"height":1976,"caption":"VIAR"},"image":{"@id":"https:\/\/viarnet.org\/#\/schema\/logo\/image\/"}},{"@type":"Person","@id":"https:\/\/viarnet.org\/#\/schema\/person\/4dbaa0fb8a8cc8312de53dd9a614d9fa","name":"admin","url":"https:\/\/viarnet.org\/index.php\/author\/wp_viar\/"}]}},"_links":{"self":[{"href":"https:\/\/viarnet.org\/index.php\/wp-json\/wp\/v2\/posts\/3039","targetHints":{"allow":["GET"]}}],"collection":[{"href":"https:\/\/viarnet.org\/index.php\/wp-json\/wp\/v2\/posts"}],"about":[{"href":"https:\/\/viarnet.org\/index.php\/wp-json\/wp\/v2\/types\/post"}],"author":[{"embeddable":true,"href":"https:\/\/viarnet.org\/index.php\/wp-json\/wp\/v2\/users\/1"}],"replies":[{"embeddable":true,"href":"https:\/\/viarnet.org\/index.php\/wp-json\/wp\/v2\/comments?post=3039"}],"version-history":[{"count":0,"href":"https:\/\/viarnet.org\/index.php\/wp-json\/wp\/v2\/posts\/3039\/revisions"}],"wp:featuredmedia":[{"embeddable":true,"href":"https:\/\/viarnet.org\/index.php\/wp-json\/wp\/v2\/media\/3040"}],"wp:attachment":[{"href":"https:\/\/viarnet.org\/index.php\/wp-json\/wp\/v2\/media?parent=3039"}],"wp:term":[{"taxonomy":"category","embeddable":true,"href":"https:\/\/viarnet.org\/index.php\/wp-json\/wp\/v2\/categories?post=3039"},{"taxonomy":"post_tag","embeddable":true,"href":"https:\/\/viarnet.org\/index.php\/wp-json\/wp\/v2\/tags?post=3039"}],"curies":[{"name":"wp","href":"https:\/\/api.w.org\/{rel}","templated":true}]}}