{"id":2451,"date":"2022-02-12T15:31:23","date_gmt":"2022-02-12T13:31:23","guid":{"rendered":"https:\/\/viarnet.org\/?p=2451"},"modified":"2022-02-13T00:07:15","modified_gmt":"2022-02-12T22:07:15","slug":"atrapa-la-bandera","status":"publish","type":"post","link":"https:\/\/viarnet.org\/index.php\/2022\/02\/12\/atrapa-la-bandera\/","title":{"rendered":"ATRAPA LA BANDERA"},"content":{"rendered":"\n<p class=\"has-drop-cap\">Al grito de \u00a1A por ellos! Se lanzaba el equipo amarillo a intentar recuperar la bandera de Viar, que hab\u00eda sido secuestrada por los \u00abterroristas\u00bb. Hoy s\u00e1bado, los socios del nivel 2, han venido armados hasta los dientes. <strong>Sergio<\/strong> tra\u00eda una pistola a lo \u00ab<em>Harry, el sucio<\/em>\u00ab, la envidia de Clint Eastwood. <strong>Manuel<\/strong> tra\u00eda un rifle de repetici\u00f3n con mira telesc\u00f3pica, ideal para distancias lejanas; <strong>Antonio<\/strong> tra\u00eda un \u00ab<em>blaster l\u00e1ser<\/em>\u00bb muy Mandaloriano. <strong>Davis<\/strong> con un chaleco para guardar la munici\u00f3n. <strong>Carlos<\/strong> y <strong>Salva<\/strong> gafas protectoras.<\/p>\n\n\n\n<figure class=\"wp-block-image size-large\"><img loading=\"lazy\" decoding=\"async\" width=\"1024\" height=\"781\" src=\"https:\/\/viarnet.org\/wp-content\/uploads\/2022\/02\/PicsArt_02-12-12.34.08-1024x781.jpg\" alt=\"\" class=\"wp-image-2452\" srcset=\"https:\/\/viarnet.org\/wp-content\/uploads\/2022\/02\/PicsArt_02-12-12.34.08-1024x781.jpg 1024w, https:\/\/viarnet.org\/wp-content\/uploads\/2022\/02\/PicsArt_02-12-12.34.08-300x229.jpg 300w, https:\/\/viarnet.org\/wp-content\/uploads\/2022\/02\/PicsArt_02-12-12.34.08-768x586.jpg 768w, https:\/\/viarnet.org\/wp-content\/uploads\/2022\/02\/PicsArt_02-12-12.34.08-1536x1172.jpg 1536w, https:\/\/viarnet.org\/wp-content\/uploads\/2022\/02\/PicsArt_02-12-12.34.08-2048x1563.jpg 2048w\" sizes=\"auto, (max-width: 1024px) 100vw, 1024px\" \/><figcaption><strong><em>Se arm\u00f3 la gorda<\/em><\/strong><\/figcaption><\/figure>\n\n\n\n<p>Una ma\u00f1ana apasionante de guerra abierta. Tambi\u00e9n ha dado para pensar en pr\u00f3ximos planes como la fabricaci\u00f3n de escudos <strong><em><span class=\"has-inline-color has-vivid-cyan-blue-color\">SWAT VIAR <\/span><\/em><\/strong>protectores; planificar asalto de rehenes en Lomaluz. Esta imaginaci\u00f3n ha sido casi tan buena como las batallas reales por los terrenos de Altair.<\/p>\n\n\n\n<figure class=\"wp-block-image size-full\"><img loading=\"lazy\" decoding=\"async\" width=\"781\" height=\"1024\" src=\"https:\/\/viarnet.org\/wp-content\/uploads\/2022\/02\/PicsArt_02-12-12.32.25.png\" alt=\"\" class=\"wp-image-2453\" srcset=\"https:\/\/viarnet.org\/wp-content\/uploads\/2022\/02\/PicsArt_02-12-12.32.25.png 781w, https:\/\/viarnet.org\/wp-content\/uploads\/2022\/02\/PicsArt_02-12-12.32.25-229x300.png 229w, https:\/\/viarnet.org\/wp-content\/uploads\/2022\/02\/PicsArt_02-12-12.32.25-768x1007.png 768w\" sizes=\"auto, (max-width: 781px) 100vw, 781px\" \/><figcaption><strong><em>Carlos de inc\u00f3gnito<\/em><\/strong><\/figcaption><\/figure>\n\n\n\n<figure class=\"wp-block-image size-large\"><img loading=\"lazy\" decoding=\"async\" width=\"1024\" height=\"576\" src=\"https:\/\/viarnet.org\/wp-content\/uploads\/2022\/02\/PicsArt_02-12-12.55.09-1024x576.jpg\" alt=\"\" class=\"wp-image-2454\" srcset=\"https:\/\/viarnet.org\/wp-content\/uploads\/2022\/02\/PicsArt_02-12-12.55.09-1024x576.jpg 1024w, https:\/\/viarnet.org\/wp-content\/uploads\/2022\/02\/PicsArt_02-12-12.55.09-300x169.jpg 300w, https:\/\/viarnet.org\/wp-content\/uploads\/2022\/02\/PicsArt_02-12-12.55.09-768x432.jpg 768w, https:\/\/viarnet.org\/wp-content\/uploads\/2022\/02\/PicsArt_02-12-12.55.09-1536x864.jpg 1536w, https:\/\/viarnet.org\/wp-content\/uploads\/2022\/02\/PicsArt_02-12-12.55.09-2048x1152.jpg 2048w\" sizes=\"auto, (max-width: 1024px) 100vw, 1024px\" \/><figcaption><strong><em>Manuel buscando objetivos<\/em><\/strong><\/figcaption><\/figure>\n\n\n\n<figure class=\"wp-block-image size-large\"><img loading=\"lazy\" decoding=\"async\" width=\"1024\" height=\"781\" src=\"https:\/\/viarnet.org\/wp-content\/uploads\/2022\/02\/PicsArt_02-12-07.07.38-1024x781.jpg\" alt=\"\" class=\"wp-image-2457\" srcset=\"https:\/\/viarnet.org\/wp-content\/uploads\/2022\/02\/PicsArt_02-12-07.07.38-1024x781.jpg 1024w, https:\/\/viarnet.org\/wp-content\/uploads\/2022\/02\/PicsArt_02-12-07.07.38-300x229.jpg 300w, https:\/\/viarnet.org\/wp-content\/uploads\/2022\/02\/PicsArt_02-12-07.07.38-768x586.jpg 768w, https:\/\/viarnet.org\/wp-content\/uploads\/2022\/02\/PicsArt_02-12-07.07.38-1536x1172.jpg 1536w, https:\/\/viarnet.org\/wp-content\/uploads\/2022\/02\/PicsArt_02-12-07.07.38-2048x1563.jpg 2048w\" sizes=\"auto, (max-width: 1024px) 100vw, 1024px\" \/><figcaption><strong><em>Aitor <\/em>y <em>Rub\u00e9n rivales pero amigos<\/em><\/strong><\/figcaption><\/figure>\n\n\n\n<figure class=\"wp-block-image size-large\"><img loading=\"lazy\" decoding=\"async\" width=\"1024\" height=\"848\" src=\"https:\/\/viarnet.org\/wp-content\/uploads\/2022\/02\/PicsArt_02-12-07.08.18-1024x848.jpg\" alt=\"\" class=\"wp-image-2459\" srcset=\"https:\/\/viarnet.org\/wp-content\/uploads\/2022\/02\/PicsArt_02-12-07.08.18-1024x848.jpg 1024w, https:\/\/viarnet.org\/wp-content\/uploads\/2022\/02\/PicsArt_02-12-07.08.18-300x249.jpg 300w, https:\/\/viarnet.org\/wp-content\/uploads\/2022\/02\/PicsArt_02-12-07.08.18-768x636.jpg 768w, https:\/\/viarnet.org\/wp-content\/uploads\/2022\/02\/PicsArt_02-12-07.08.18-1536x1273.jpg 1536w, https:\/\/viarnet.org\/wp-content\/uploads\/2022\/02\/PicsArt_02-12-07.08.18-2048x1697.jpg 2048w\" sizes=\"auto, (max-width: 1024px) 100vw, 1024px\" \/><figcaption><strong><em>Dani un invitado<\/em><\/strong><\/figcaption><\/figure>\n\n\n\n<figure class=\"wp-block-image size-large\"><img loading=\"lazy\" decoding=\"async\" width=\"882\" height=\"1024\" src=\"https:\/\/viarnet.org\/wp-content\/uploads\/2022\/02\/PicsArt_02-12-07.09.08-882x1024.jpg\" alt=\"\" class=\"wp-image-2460\" srcset=\"https:\/\/viarnet.org\/wp-content\/uploads\/2022\/02\/PicsArt_02-12-07.09.08-882x1024.jpg 882w, https:\/\/viarnet.org\/wp-content\/uploads\/2022\/02\/PicsArt_02-12-07.09.08-258x300.jpg 258w, https:\/\/viarnet.org\/wp-content\/uploads\/2022\/02\/PicsArt_02-12-07.09.08-768x892.jpg 768w, https:\/\/viarnet.org\/wp-content\/uploads\/2022\/02\/PicsArt_02-12-07.09.08-1322x1536.jpg 1322w, https:\/\/viarnet.org\/wp-content\/uploads\/2022\/02\/PicsArt_02-12-07.09.08-1763x2048.jpg 1763w\" sizes=\"auto, (max-width: 882px) 100vw, 882px\" \/><figcaption><em><strong>Juan y su sentido<\/strong> <strong>ar\u00e1cnido<\/strong><\/em><\/figcaption><\/figure>\n\n\n\n<figure class=\"wp-block-image size-large\"><img loading=\"lazy\" decoding=\"async\" width=\"782\" height=\"1024\" src=\"https:\/\/viarnet.org\/wp-content\/uploads\/2022\/02\/PicsArt_02-12-07.09.42-782x1024.jpg\" alt=\"\" class=\"wp-image-2461\" srcset=\"https:\/\/viarnet.org\/wp-content\/uploads\/2022\/02\/PicsArt_02-12-07.09.42-782x1024.jpg 782w, https:\/\/viarnet.org\/wp-content\/uploads\/2022\/02\/PicsArt_02-12-07.09.42-229x300.jpg 229w, https:\/\/viarnet.org\/wp-content\/uploads\/2022\/02\/PicsArt_02-12-07.09.42-768x1006.jpg 768w, https:\/\/viarnet.org\/wp-content\/uploads\/2022\/02\/PicsArt_02-12-07.09.42-1172x1536.jpg 1172w, https:\/\/viarnet.org\/wp-content\/uploads\/2022\/02\/PicsArt_02-12-07.09.42-1563x2048.jpg 1563w, https:\/\/viarnet.org\/wp-content\/uploads\/2022\/02\/PicsArt_02-12-07.09.42-scaled.jpg 1954w\" sizes=\"auto, (max-width: 782px) 100vw, 782px\" \/><figcaption><strong><em>Davis donde pone el ojo pone la bala<\/em><\/strong><\/figcaption><\/figure>\n\n\n\n<p>La semana que viene Plan Familiar <strong>\u00a1VISITA A CARMONA! <\/strong><\/p>\n","protected":false},"excerpt":{"rendered":"<p>Al grito de \u00a1A por ellos! Se lanzaba el equipo amarillo a intentar recuperar la bandera de Viar, que hab\u00eda sido secuestrada por los \u00abterroristas\u00bb. Hoy s\u00e1bado, los socios del [&hellip;]<\/p>\n","protected":false},"author":3,"featured_media":2452,"comment_status":"closed","ping_status":"closed","sticky":false,"template":"","format":"standard","meta":{"ngg_post_thumbnail":0,"footnotes":""},"categories":[5,13],"tags":[],"class_list":{"0":"post-2451","1":"post","2":"type-post","3":"status-publish","4":"format-standard","5":"has-post-thumbnail","6":"hentry","7":"category-nv2","8":"category-todos","10":"post-with-thumbnail","11":"post-with-thumbnail-large"},"yoast_head":"<!-- This site is optimized with the Yoast SEO plugin v27.3 - https:\/\/yoast.com\/product\/yoast-seo-wordpress\/ -->\n<title>ATRAPA LA BANDERA | Club Familiar VIAR<\/title>\n<meta name=\"description\" content=\"Al grito de \u00a1A por ellos! Se lanzaba el equipo amarillo a intentar recuperar la bandera de Viar, que hab\u00eda sido secuestrada por los &quot;terroristas&quot;. Hoy\" \/>\n<meta name=\"robots\" content=\"index, follow, max-snippet:-1, max-image-preview:large, max-video-preview:-1\" \/>\n<link rel=\"canonical\" href=\"https:\/\/viarnet.org\/index.php\/2022\/02\/12\/atrapa-la-bandera\/\" \/>\n<meta property=\"og:locale\" content=\"es_ES\" \/>\n<meta property=\"og:type\" content=\"article\" \/>\n<meta property=\"og:title\" content=\"ATRAPA LA BANDERA | Club Familiar VIAR\" \/>\n<meta property=\"og:description\" content=\"Al grito de \u00a1A por ellos! Se lanzaba el equipo amarillo a intentar recuperar la bandera de Viar, que hab\u00eda sido secuestrada por los &quot;terroristas&quot;. Hoy\" \/>\n<meta property=\"og:url\" content=\"https:\/\/viarnet.org\/index.php\/2022\/02\/12\/atrapa-la-bandera\/\" \/>\n<meta property=\"og:site_name\" content=\"VIAR\" \/>\n<meta property=\"article:published_time\" content=\"2022-02-12T13:31:23+00:00\" \/>\n<meta property=\"article:modified_time\" content=\"2022-02-12T22:07:15+00:00\" \/>\n<meta property=\"og:image\" content=\"https:\/\/viarnet.org\/wp-content\/uploads\/2022\/02\/PicsArt_02-12-12.34.08-scaled.jpg\" \/>\n\t<meta property=\"og:image:width\" content=\"2560\" \/>\n\t<meta property=\"og:image:height\" content=\"1954\" \/>\n\t<meta property=\"og:image:type\" content=\"image\/jpeg\" \/>\n<meta name=\"author\" content=\"Redacci\u00f3n\" \/>\n<meta name=\"twitter:card\" content=\"summary_large_image\" \/>\n<meta name=\"twitter:label1\" content=\"Escrito por\" \/>\n\t<meta name=\"twitter:data1\" content=\"Redacci\u00f3n\" \/>\n\t<meta name=\"twitter:label2\" content=\"Tiempo de lectura\" \/>\n\t<meta name=\"twitter:data2\" content=\"3 minutos\" \/>\n<script type=\"application\/ld+json\" class=\"yoast-schema-graph\">{\"@context\":\"https:\\\/\\\/schema.org\",\"@graph\":[{\"@type\":\"Article\",\"@id\":\"https:\\\/\\\/viarnet.org\\\/index.php\\\/2022\\\/02\\\/12\\\/atrapa-la-bandera\\\/#article\",\"isPartOf\":{\"@id\":\"https:\\\/\\\/viarnet.org\\\/index.php\\\/2022\\\/02\\\/12\\\/atrapa-la-bandera\\\/\"},\"author\":{\"name\":\"Redacci\u00f3n\",\"@id\":\"https:\\\/\\\/viarnet.org\\\/#\\\/schema\\\/person\\\/e9a4000ebcbca5b4616b8b40e3d5e7b0\"},\"headline\":\"ATRAPA LA BANDERA\",\"datePublished\":\"2022-02-12T13:31:23+00:00\",\"dateModified\":\"2022-02-12T22:07:15+00:00\",\"mainEntityOfPage\":{\"@id\":\"https:\\\/\\\/viarnet.org\\\/index.php\\\/2022\\\/02\\\/12\\\/atrapa-la-bandera\\\/\"},\"wordCount\":189,\"publisher\":{\"@id\":\"https:\\\/\\\/viarnet.org\\\/#organization\"},\"image\":{\"@id\":\"https:\\\/\\\/viarnet.org\\\/index.php\\\/2022\\\/02\\\/12\\\/atrapa-la-bandera\\\/#primaryimage\"},\"thumbnailUrl\":\"https:\\\/\\\/viarnet.org\\\/wp-content\\\/uploads\\\/2022\\\/02\\\/PicsArt_02-12-12.34.08-scaled.jpg\",\"articleSection\":[\"Nivel 2\",\"Todos\"],\"inLanguage\":\"es\"},{\"@type\":\"WebPage\",\"@id\":\"https:\\\/\\\/viarnet.org\\\/index.php\\\/2022\\\/02\\\/12\\\/atrapa-la-bandera\\\/\",\"url\":\"https:\\\/\\\/viarnet.org\\\/index.php\\\/2022\\\/02\\\/12\\\/atrapa-la-bandera\\\/\",\"name\":\"ATRAPA LA BANDERA | Club Familiar VIAR\",\"isPartOf\":{\"@id\":\"https:\\\/\\\/viarnet.org\\\/#website\"},\"primaryImageOfPage\":{\"@id\":\"https:\\\/\\\/viarnet.org\\\/index.php\\\/2022\\\/02\\\/12\\\/atrapa-la-bandera\\\/#primaryimage\"},\"image\":{\"@id\":\"https:\\\/\\\/viarnet.org\\\/index.php\\\/2022\\\/02\\\/12\\\/atrapa-la-bandera\\\/#primaryimage\"},\"thumbnailUrl\":\"https:\\\/\\\/viarnet.org\\\/wp-content\\\/uploads\\\/2022\\\/02\\\/PicsArt_02-12-12.34.08-scaled.jpg\",\"datePublished\":\"2022-02-12T13:31:23+00:00\",\"dateModified\":\"2022-02-12T22:07:15+00:00\",\"description\":\"Al grito de \u00a1A por ellos! Se lanzaba el equipo amarillo a intentar recuperar la bandera de Viar, que hab\u00eda sido secuestrada por los \\\"terroristas\\\". Hoy\",\"breadcrumb\":{\"@id\":\"https:\\\/\\\/viarnet.org\\\/index.php\\\/2022\\\/02\\\/12\\\/atrapa-la-bandera\\\/#breadcrumb\"},\"inLanguage\":\"es\",\"potentialAction\":[{\"@type\":\"ReadAction\",\"target\":[\"https:\\\/\\\/viarnet.org\\\/index.php\\\/2022\\\/02\\\/12\\\/atrapa-la-bandera\\\/\"]}]},{\"@type\":\"ImageObject\",\"inLanguage\":\"es\",\"@id\":\"https:\\\/\\\/viarnet.org\\\/index.php\\\/2022\\\/02\\\/12\\\/atrapa-la-bandera\\\/#primaryimage\",\"url\":\"https:\\\/\\\/viarnet.org\\\/wp-content\\\/uploads\\\/2022\\\/02\\\/PicsArt_02-12-12.34.08-scaled.jpg\",\"contentUrl\":\"https:\\\/\\\/viarnet.org\\\/wp-content\\\/uploads\\\/2022\\\/02\\\/PicsArt_02-12-12.34.08-scaled.jpg\",\"width\":2560,\"height\":1954},{\"@type\":\"BreadcrumbList\",\"@id\":\"https:\\\/\\\/viarnet.org\\\/index.php\\\/2022\\\/02\\\/12\\\/atrapa-la-bandera\\\/#breadcrumb\",\"itemListElement\":[{\"@type\":\"ListItem\",\"position\":1,\"name\":\"Portada\",\"item\":\"https:\\\/\\\/viarnet.org\\\/\"},{\"@type\":\"ListItem\",\"position\":2,\"name\":\"ATRAPA LA BANDERA\"}]},{\"@type\":\"WebSite\",\"@id\":\"https:\\\/\\\/viarnet.org\\\/#website\",\"url\":\"https:\\\/\\\/viarnet.org\\\/\",\"name\":\"VIAR\",\"description\":\"Un centro educativo de car\u00e1cter extraescolar que atuda a las familias en la formaci\u00f3n de sus hijos\",\"publisher\":{\"@id\":\"https:\\\/\\\/viarnet.org\\\/#organization\"},\"potentialAction\":[{\"@type\":\"SearchAction\",\"target\":{\"@type\":\"EntryPoint\",\"urlTemplate\":\"https:\\\/\\\/viarnet.org\\\/?s={search_term_string}\"},\"query-input\":{\"@type\":\"PropertyValueSpecification\",\"valueRequired\":true,\"valueName\":\"search_term_string\"}}],\"inLanguage\":\"es\"},{\"@type\":\"Organization\",\"@id\":\"https:\\\/\\\/viarnet.org\\\/#organization\",\"name\":\"VIAR\",\"url\":\"https:\\\/\\\/viarnet.org\\\/\",\"logo\":{\"@type\":\"ImageObject\",\"inLanguage\":\"es\",\"@id\":\"https:\\\/\\\/viarnet.org\\\/#\\\/schema\\\/logo\\\/image\\\/\",\"url\":\"https:\\\/\\\/viarnet.org\\\/wp-content\\\/uploads\\\/2023\\\/09\\\/LOGO-VIAR-2024.png\",\"contentUrl\":\"https:\\\/\\\/viarnet.org\\\/wp-content\\\/uploads\\\/2023\\\/09\\\/LOGO-VIAR-2024.png\",\"width\":1976,\"height\":1976,\"caption\":\"VIAR\"},\"image\":{\"@id\":\"https:\\\/\\\/viarnet.org\\\/#\\\/schema\\\/logo\\\/image\\\/\"}},{\"@type\":\"Person\",\"@id\":\"https:\\\/\\\/viarnet.org\\\/#\\\/schema\\\/person\\\/e9a4000ebcbca5b4616b8b40e3d5e7b0\",\"name\":\"Redacci\u00f3n\",\"url\":\"https:\\\/\\\/viarnet.org\\\/index.php\\\/author\\\/blog\\\/\"}]}<\/script>\n<!-- \/ Yoast SEO plugin. -->","yoast_head_json":{"title":"ATRAPA LA BANDERA | Club Familiar VIAR","description":"Al grito de \u00a1A por ellos! Se lanzaba el equipo amarillo a intentar recuperar la bandera de Viar, que hab\u00eda sido secuestrada por los \"terroristas\". Hoy","robots":{"index":"index","follow":"follow","max-snippet":"max-snippet:-1","max-image-preview":"max-image-preview:large","max-video-preview":"max-video-preview:-1"},"canonical":"https:\/\/viarnet.org\/index.php\/2022\/02\/12\/atrapa-la-bandera\/","og_locale":"es_ES","og_type":"article","og_title":"ATRAPA LA BANDERA | Club Familiar VIAR","og_description":"Al grito de \u00a1A por ellos! Se lanzaba el equipo amarillo a intentar recuperar la bandera de Viar, que hab\u00eda sido secuestrada por los \"terroristas\". Hoy","og_url":"https:\/\/viarnet.org\/index.php\/2022\/02\/12\/atrapa-la-bandera\/","og_site_name":"VIAR","article_published_time":"2022-02-12T13:31:23+00:00","article_modified_time":"2022-02-12T22:07:15+00:00","og_image":[{"width":2560,"height":1954,"url":"https:\/\/viarnet.org\/wp-content\/uploads\/2022\/02\/PicsArt_02-12-12.34.08-scaled.jpg","type":"image\/jpeg"}],"author":"Redacci\u00f3n","twitter_card":"summary_large_image","twitter_misc":{"Escrito por":"Redacci\u00f3n","Tiempo de lectura":"3 minutos"},"schema":{"@context":"https:\/\/schema.org","@graph":[{"@type":"Article","@id":"https:\/\/viarnet.org\/index.php\/2022\/02\/12\/atrapa-la-bandera\/#article","isPartOf":{"@id":"https:\/\/viarnet.org\/index.php\/2022\/02\/12\/atrapa-la-bandera\/"},"author":{"name":"Redacci\u00f3n","@id":"https:\/\/viarnet.org\/#\/schema\/person\/e9a4000ebcbca5b4616b8b40e3d5e7b0"},"headline":"ATRAPA LA BANDERA","datePublished":"2022-02-12T13:31:23+00:00","dateModified":"2022-02-12T22:07:15+00:00","mainEntityOfPage":{"@id":"https:\/\/viarnet.org\/index.php\/2022\/02\/12\/atrapa-la-bandera\/"},"wordCount":189,"publisher":{"@id":"https:\/\/viarnet.org\/#organization"},"image":{"@id":"https:\/\/viarnet.org\/index.php\/2022\/02\/12\/atrapa-la-bandera\/#primaryimage"},"thumbnailUrl":"https:\/\/viarnet.org\/wp-content\/uploads\/2022\/02\/PicsArt_02-12-12.34.08-scaled.jpg","articleSection":["Nivel 2","Todos"],"inLanguage":"es"},{"@type":"WebPage","@id":"https:\/\/viarnet.org\/index.php\/2022\/02\/12\/atrapa-la-bandera\/","url":"https:\/\/viarnet.org\/index.php\/2022\/02\/12\/atrapa-la-bandera\/","name":"ATRAPA LA BANDERA | Club Familiar VIAR","isPartOf":{"@id":"https:\/\/viarnet.org\/#website"},"primaryImageOfPage":{"@id":"https:\/\/viarnet.org\/index.php\/2022\/02\/12\/atrapa-la-bandera\/#primaryimage"},"image":{"@id":"https:\/\/viarnet.org\/index.php\/2022\/02\/12\/atrapa-la-bandera\/#primaryimage"},"thumbnailUrl":"https:\/\/viarnet.org\/wp-content\/uploads\/2022\/02\/PicsArt_02-12-12.34.08-scaled.jpg","datePublished":"2022-02-12T13:31:23+00:00","dateModified":"2022-02-12T22:07:15+00:00","description":"Al grito de \u00a1A por ellos! Se lanzaba el equipo amarillo a intentar recuperar la bandera de Viar, que hab\u00eda sido secuestrada por los \"terroristas\". Hoy","breadcrumb":{"@id":"https:\/\/viarnet.org\/index.php\/2022\/02\/12\/atrapa-la-bandera\/#breadcrumb"},"inLanguage":"es","potentialAction":[{"@type":"ReadAction","target":["https:\/\/viarnet.org\/index.php\/2022\/02\/12\/atrapa-la-bandera\/"]}]},{"@type":"ImageObject","inLanguage":"es","@id":"https:\/\/viarnet.org\/index.php\/2022\/02\/12\/atrapa-la-bandera\/#primaryimage","url":"https:\/\/viarnet.org\/wp-content\/uploads\/2022\/02\/PicsArt_02-12-12.34.08-scaled.jpg","contentUrl":"https:\/\/viarnet.org\/wp-content\/uploads\/2022\/02\/PicsArt_02-12-12.34.08-scaled.jpg","width":2560,"height":1954},{"@type":"BreadcrumbList","@id":"https:\/\/viarnet.org\/index.php\/2022\/02\/12\/atrapa-la-bandera\/#breadcrumb","itemListElement":[{"@type":"ListItem","position":1,"name":"Portada","item":"https:\/\/viarnet.org\/"},{"@type":"ListItem","position":2,"name":"ATRAPA LA BANDERA"}]},{"@type":"WebSite","@id":"https:\/\/viarnet.org\/#website","url":"https:\/\/viarnet.org\/","name":"VIAR","description":"Un centro educativo de car\u00e1cter extraescolar que atuda a las familias en la formaci\u00f3n de sus hijos","publisher":{"@id":"https:\/\/viarnet.org\/#organization"},"potentialAction":[{"@type":"SearchAction","target":{"@type":"EntryPoint","urlTemplate":"https:\/\/viarnet.org\/?s={search_term_string}"},"query-input":{"@type":"PropertyValueSpecification","valueRequired":true,"valueName":"search_term_string"}}],"inLanguage":"es"},{"@type":"Organization","@id":"https:\/\/viarnet.org\/#organization","name":"VIAR","url":"https:\/\/viarnet.org\/","logo":{"@type":"ImageObject","inLanguage":"es","@id":"https:\/\/viarnet.org\/#\/schema\/logo\/image\/","url":"https:\/\/viarnet.org\/wp-content\/uploads\/2023\/09\/LOGO-VIAR-2024.png","contentUrl":"https:\/\/viarnet.org\/wp-content\/uploads\/2023\/09\/LOGO-VIAR-2024.png","width":1976,"height":1976,"caption":"VIAR"},"image":{"@id":"https:\/\/viarnet.org\/#\/schema\/logo\/image\/"}},{"@type":"Person","@id":"https:\/\/viarnet.org\/#\/schema\/person\/e9a4000ebcbca5b4616b8b40e3d5e7b0","name":"Redacci\u00f3n","url":"https:\/\/viarnet.org\/index.php\/author\/blog\/"}]}},"_links":{"self":[{"href":"https:\/\/viarnet.org\/index.php\/wp-json\/wp\/v2\/posts\/2451","targetHints":{"allow":["GET"]}}],"collection":[{"href":"https:\/\/viarnet.org\/index.php\/wp-json\/wp\/v2\/posts"}],"about":[{"href":"https:\/\/viarnet.org\/index.php\/wp-json\/wp\/v2\/types\/post"}],"author":[{"embeddable":true,"href":"https:\/\/viarnet.org\/index.php\/wp-json\/wp\/v2\/users\/3"}],"replies":[{"embeddable":true,"href":"https:\/\/viarnet.org\/index.php\/wp-json\/wp\/v2\/comments?post=2451"}],"version-history":[{"count":0,"href":"https:\/\/viarnet.org\/index.php\/wp-json\/wp\/v2\/posts\/2451\/revisions"}],"wp:featuredmedia":[{"embeddable":true,"href":"https:\/\/viarnet.org\/index.php\/wp-json\/wp\/v2\/media\/2452"}],"wp:attachment":[{"href":"https:\/\/viarnet.org\/index.php\/wp-json\/wp\/v2\/media?parent=2451"}],"wp:term":[{"taxonomy":"category","embeddable":true,"href":"https:\/\/viarnet.org\/index.php\/wp-json\/wp\/v2\/categories?post=2451"},{"taxonomy":"post_tag","embeddable":true,"href":"https:\/\/viarnet.org\/index.php\/wp-json\/wp\/v2\/tags?post=2451"}],"curies":[{"name":"wp","href":"https:\/\/api.w.org\/{rel}","templated":true}]}}